{"id":12725,"date":"2022-10-04T10:50:20","date_gmt":"2022-10-04T13:50:20","guid":{"rendered":"http:\/\/dgospel.com.br\/portal\/?p=12725"},"modified":"2022-10-04T10:50:21","modified_gmt":"2022-10-04T13:50:21","slug":"bolsonaro-sobre-apoio-de-zema-decisivo-para-a-reeleicao","status":"publish","type":"post","link":"https:\/\/dgospel.com.br\/portal\/index.php\/2022\/10\/04\/bolsonaro-sobre-apoio-de-zema-decisivo-para-a-reeleicao\/","title":{"rendered":"Bolsonaro sobre apoio de Zema: \u201cDecisivo para a reelei\u00e7\u00e3o\u201d"},"content":{"rendered":"\n<p>Na manh\u00e3 desta ter\u00e7a-feira (4), o governador reeleito de Minas Gerais, Romeu Zema (Novo) anunciou que apoiar\u00e1 a candidatura do presidente Jair Bolsonaro (PL) no segundo turno da elei\u00e7\u00e3o presidencial. A informa\u00e7\u00e3o foi divulgada pelo chefe do Executivo mineiro ap\u00f3s uma reuni\u00e3o com Bolsonaro no Pal\u00e1cio da Alvorada, em Bras\u00edlia.<\/p>\n\n\n\n<p>Durante uma coletiva \u00e0 imprensa, Bolsonaro disse que o apoio do governador de Minas \u00e9 \u201cmais que bem-vindo, essencial, decisivo para a nossa reelei\u00e7\u00e3o\u201d.<\/p>\n\n\n\n<p>Zema, por sua vez, disse ter herdado uma \u201ctrag\u00e9dia\u201d do governo petista de Fernando Pimentel em Minas Gerais e que, por causa disso, decidiu ir a Bras\u00edlia declarar apoio ao atual presidente no segundo turno da disputa.<\/p>\n\n\n\n<p>Bolsonaro disse que Zema passou um breve filme do que foi a gest\u00e3o do PT para seu estado.<\/p>\n\n\n\n<p>\u2013 Nada tratado entre n\u00f3s visava outros interesses a n\u00e3o ser o futuro do estado e, da nossa parte, do Brasil. O governador Zema passou um breve filme do que foi a gest\u00e3o do PT para seu estado, e podemos dizer a mesma coisa sobre o Brasil \u2013 falou.<\/p>\n\n\n\n<p>Siga-nos nas nossas redes!&nbsp;<\/p>\n","protected":false},"excerpt":{"rendered":"<p>Na manh\u00e3 desta ter\u00e7a-feira (4), o governador reeleito de Minas Gerais, Romeu Zema (Novo) anunciou que apoiar\u00e1 a candidatura do presidente Jair Bolsonaro (PL) no segundo turno da elei\u00e7\u00e3o presidencial. A informa\u00e7\u00e3o foi divulgada pelo chefe do Executivo mineiro ap\u00f3s uma reuni\u00e3o com Bolsonaro no Pal\u00e1cio da Alvorada, em Bras\u00edlia. Durante uma coletiva \u00e0 imprensa, [&hellip;]<\/p>\n","protected":false},"author":2,"featured_media":12726,"comment_status":"open","ping_status":"open","sticky":false,"template":"","format":"standard","meta":[],"categories":[4],"tags":[],"_links":{"self":[{"href":"https:\/\/dgospel.com.br\/portal\/index.php\/wp-json\/wp\/v2\/posts\/12725"}],"collection":[{"href":"https:\/\/dgospel.com.br\/portal\/index.php\/wp-json\/wp\/v2\/posts"}],"about":[{"href":"https:\/\/dgospel.com.br\/portal\/index.php\/wp-json\/wp\/v2\/types\/post"}],"author":[{"embeddable":true,"href":"https:\/\/dgospel.com.br\/portal\/index.php\/wp-json\/wp\/v2\/users\/2"}],"replies":[{"embeddable":true,"href":"https:\/\/dgospel.com.br\/portal\/index.php\/wp-json\/wp\/v2\/comments?post=12725"}],"version-history":[{"count":1,"href":"https:\/\/dgospel.com.br\/portal\/index.php\/wp-json\/wp\/v2\/posts\/12725\/revisions"}],"predecessor-version":[{"id":12727,"href":"https:\/\/dgospel.com.br\/portal\/index.php\/wp-json\/wp\/v2\/posts\/12725\/revisions\/12727"}],"wp:featuredmedia":[{"embeddable":true,"href":"https:\/\/dgospel.com.br\/portal\/index.php\/wp-json\/wp\/v2\/media\/12726"}],"wp:attachment":[{"href":"https:\/\/dgospel.com.br\/portal\/index.php\/wp-json\/wp\/v2\/media?parent=12725"}],"wp:term":[{"taxonomy":"category","embeddable":true,"href":"https:\/\/dgospel.com.br\/portal\/index.php\/wp-json\/wp\/v2\/categories?post=12725"},{"taxonomy":"post_tag","embeddable":true,"href":"https:\/\/dgospel.com.br\/portal\/index.php\/wp-json\/wp\/v2\/tags?post=12725"}],"curies":[{"name":"wp","href":"https:\/\/api.w.org\/{rel}","templated":true}]}}