{"id":12728,"date":"2022-10-04T10:52:12","date_gmt":"2022-10-04T13:52:12","guid":{"rendered":"http:\/\/dgospel.com.br\/portal\/?p=12728"},"modified":"2022-10-04T10:52:14","modified_gmt":"2022-10-04T13:52:14","slug":"ditador-da-nicaragua-ortega-parabeniza-lula-apos-1-turno","status":"publish","type":"post","link":"https:\/\/dgospel.com.br\/portal\/index.php\/2022\/10\/04\/ditador-da-nicaragua-ortega-parabeniza-lula-apos-1-turno\/","title":{"rendered":"Ditador da Nicar\u00e1gua, Ortega parabeniza Lula ap\u00f3s 1\u00b0 turno"},"content":{"rendered":"\n<p>O ditador da Nicar\u00e1gua,&nbsp;<a href=\"http:\/\/pleno.news\/tag\/daniel-ortega\" target=\"_blank\" rel=\"noreferrer noopener\">Daniel Ortega<\/a>, enviou uma mensagem, nesta segunda-feira (3), ao ex-presidente&nbsp;<a href=\"http:\/\/pleno.news\/tag\/lula\" target=\"_blank\" rel=\"noreferrer noopener\">Lula<\/a>&nbsp;(PT) o parabenizando pelo resultado obtido no primeiro turno das elei\u00e7\u00f5es do Brasil. Ap\u00f3s a apura\u00e7\u00e3o, ficou definido que o petista disputar\u00e1 o segundo turno contra o presidente Jair Bolsonaro (PL).<\/p>\n\n\n\n<p>\u2013 O parabenizo por este primeiro momento de vit\u00f3ria das fam\u00edlias e do povo do Brasil, que se levantam com esperan\u00e7a e vozes de gigantes, nos encoraja a todos. Parabenizando voc\u00ea e o Brasil, nos congratulamos sabendo que o mundo pertence a quem luta, e que estamos realizando as transforma\u00e7\u00f5es necess\u00e1rias, com coragem di\u00e1ria \u2013 escreveu.<\/p>\n\n\n\n<p>O pol\u00edtico nicaraguense, amigo de longa data de Lula, est\u00e1 no poder de forma ininterrupta no pa\u00eds desde 2007, vencendo elei\u00e7\u00f5es de fachada. Nos seis meses anteriores \u00e0 \u00faltima vota\u00e7\u00e3o, em novembro passado, o regime prendeu, sob acusa\u00e7\u00f5es de lavagem de dinheiro e trai\u00e7\u00e3o \u00e0 p\u00e1tria, sete candidatos opositores.<\/p>\n\n\n\n<p>H\u00e1 ainda atr\u00e1s das grades mais de 30 outros pol\u00edticos e mais de 100 l\u00edderes sindicais e estudantis, jornalistas e ativistas, segundo a Comiss\u00e3o Interamericana de Direitos Humanos. Muitos t\u00eam sido condenados em julgamentos igualmente de fachada.<\/p>\n\n\n\n<p>Nos \u00faltimos anos, Ortega cancelou o registro dos dois principais blocos de oposi\u00e7\u00e3o, passando a dominar o Legislativo, e nomeou novos ju\u00edzes da Suprema Corte, viabilizando a aprova\u00e7\u00e3o de leis que estendem pris\u00f5es preventivas e o alcance das acusa\u00e7\u00f5es de trai\u00e7\u00e3o.<\/p>\n\n\n\n<p>No \u00e2mbito da rela\u00e7\u00e3o com a igreja, h\u00e1 no pa\u00eds uma onda de persegui\u00e7\u00e3o, que come\u00e7ou em mar\u00e7o deste ano, com a expuls\u00e3o do pa\u00eds de l\u00edderes religiosos cat\u00f3licos, acusados pelo regime de Ortega de serem terroristas. O governo da Nicar\u00e1gua tamb\u00e9m prendeu padres e fechou igrejas e emissoras de r\u00e1dio ligadas aos cat\u00f3licos.<\/p>\n\n\n\n<p>*Com informa\u00e7\u00f5es EFE e AE<\/p>\n","protected":false},"excerpt":{"rendered":"<p>O ditador da Nicar\u00e1gua,&nbsp;Daniel Ortega, enviou uma mensagem, nesta segunda-feira (3), ao ex-presidente&nbsp;Lula&nbsp;(PT) o parabenizando pelo resultado obtido no primeiro turno das elei\u00e7\u00f5es do Brasil. Ap\u00f3s a apura\u00e7\u00e3o, ficou definido que o petista disputar\u00e1 o segundo turno contra o presidente Jair Bolsonaro (PL). \u2013 O parabenizo por este primeiro momento de vit\u00f3ria das fam\u00edlias e [&hellip;]<\/p>\n","protected":false},"author":2,"featured_media":12729,"comment_status":"open","ping_status":"open","sticky":false,"template":"","format":"standard","meta":[],"categories":[16],"tags":[],"_links":{"self":[{"href":"https:\/\/dgospel.com.br\/portal\/index.php\/wp-json\/wp\/v2\/posts\/12728"}],"collection":[{"href":"https:\/\/dgospel.com.br\/portal\/index.php\/wp-json\/wp\/v2\/posts"}],"about":[{"href":"https:\/\/dgospel.com.br\/portal\/index.php\/wp-json\/wp\/v2\/types\/post"}],"author":[{"embeddable":true,"href":"https:\/\/dgospel.com.br\/portal\/index.php\/wp-json\/wp\/v2\/users\/2"}],"replies":[{"embeddable":true,"href":"https:\/\/dgospel.com.br\/portal\/index.php\/wp-json\/wp\/v2\/comments?post=12728"}],"version-history":[{"count":1,"href":"https:\/\/dgospel.com.br\/portal\/index.php\/wp-json\/wp\/v2\/posts\/12728\/revisions"}],"predecessor-version":[{"id":12730,"href":"https:\/\/dgospel.com.br\/portal\/index.php\/wp-json\/wp\/v2\/posts\/12728\/revisions\/12730"}],"wp:featuredmedia":[{"embeddable":true,"href":"https:\/\/dgospel.com.br\/portal\/index.php\/wp-json\/wp\/v2\/media\/12729"}],"wp:attachment":[{"href":"https:\/\/dgospel.com.br\/portal\/index.php\/wp-json\/wp\/v2\/media?parent=12728"}],"wp:term":[{"taxonomy":"category","embeddable":true,"href":"https:\/\/dgospel.com.br\/portal\/index.php\/wp-json\/wp\/v2\/categories?post=12728"},{"taxonomy":"post_tag","embeddable":true,"href":"https:\/\/dgospel.com.br\/portal\/index.php\/wp-json\/wp\/v2\/tags?post=12728"}],"curies":[{"name":"wp","href":"https:\/\/api.w.org\/{rel}","templated":true}]}}