{"id":12734,"date":"2022-10-04T10:55:57","date_gmt":"2022-10-04T13:55:57","guid":{"rendered":"http:\/\/dgospel.com.br\/portal\/?p=12734"},"modified":"2022-10-04T10:55:59","modified_gmt":"2022-10-04T13:55:59","slug":"senador-protocola-pedido-por-cpi-de-pesquisas-eleitorais","status":"publish","type":"post","link":"https:\/\/dgospel.com.br\/portal\/index.php\/2022\/10\/04\/senador-protocola-pedido-por-cpi-de-pesquisas-eleitorais\/","title":{"rendered":"Senador protocola pedido por CPI de pesquisas eleitorais"},"content":{"rendered":"\n<p>Nesta segunda-feira (3), o senador Marcos do Val (Podemos-ES) protocolou um pedido para abrir uma Comiss\u00e3o Parlamentar de Inqu\u00e9rito (CPI) contra os m\u00e9todos de apura\u00e7\u00e3o das pesquisas eleitorais dos principais institutos brasileiros. As informa\u00e7\u00f5es s\u00e3o do UOL.<\/p>\n\n\n\n<p>O parlamentar alega que a CPI seria necess\u00e1ria para \u201caferir as causas das expressivas discrep\u00e2ncias entre as refer\u00eancias progn\u00f3sticas, principalmente de curt\u00edssimo prazo, e os resultados apurados\u201d.<\/p>\n\n\n\n<p>O pedido ocorreu um dia ap\u00f3s o primeiro turno das elei\u00e7\u00f5es.<\/p>\n","protected":false},"excerpt":{"rendered":"<p>Nesta segunda-feira (3), o senador Marcos do Val (Podemos-ES) protocolou um pedido para abrir uma Comiss\u00e3o Parlamentar de Inqu\u00e9rito (CPI) contra os m\u00e9todos de apura\u00e7\u00e3o das pesquisas eleitorais dos principais institutos brasileiros. As informa\u00e7\u00f5es s\u00e3o do UOL. O parlamentar alega que a CPI seria necess\u00e1ria para \u201caferir as causas das expressivas discrep\u00e2ncias entre as refer\u00eancias [&hellip;]<\/p>\n","protected":false},"author":2,"featured_media":12735,"comment_status":"open","ping_status":"open","sticky":false,"template":"","format":"standard","meta":[],"categories":[8],"tags":[],"_links":{"self":[{"href":"https:\/\/dgospel.com.br\/portal\/index.php\/wp-json\/wp\/v2\/posts\/12734"}],"collection":[{"href":"https:\/\/dgospel.com.br\/portal\/index.php\/wp-json\/wp\/v2\/posts"}],"about":[{"href":"https:\/\/dgospel.com.br\/portal\/index.php\/wp-json\/wp\/v2\/types\/post"}],"author":[{"embeddable":true,"href":"https:\/\/dgospel.com.br\/portal\/index.php\/wp-json\/wp\/v2\/users\/2"}],"replies":[{"embeddable":true,"href":"https:\/\/dgospel.com.br\/portal\/index.php\/wp-json\/wp\/v2\/comments?post=12734"}],"version-history":[{"count":1,"href":"https:\/\/dgospel.com.br\/portal\/index.php\/wp-json\/wp\/v2\/posts\/12734\/revisions"}],"predecessor-version":[{"id":12736,"href":"https:\/\/dgospel.com.br\/portal\/index.php\/wp-json\/wp\/v2\/posts\/12734\/revisions\/12736"}],"wp:featuredmedia":[{"embeddable":true,"href":"https:\/\/dgospel.com.br\/portal\/index.php\/wp-json\/wp\/v2\/media\/12735"}],"wp:attachment":[{"href":"https:\/\/dgospel.com.br\/portal\/index.php\/wp-json\/wp\/v2\/media?parent=12734"}],"wp:term":[{"taxonomy":"category","embeddable":true,"href":"https:\/\/dgospel.com.br\/portal\/index.php\/wp-json\/wp\/v2\/categories?post=12734"},{"taxonomy":"post_tag","embeddable":true,"href":"https:\/\/dgospel.com.br\/portal\/index.php\/wp-json\/wp\/v2\/tags?post=12734"}],"curies":[{"name":"wp","href":"https:\/\/api.w.org\/{rel}","templated":true}]}}