{"id":12737,"date":"2022-10-04T11:49:04","date_gmt":"2022-10-04T14:49:04","guid":{"rendered":"http:\/\/dgospel.com.br\/portal\/?p=12737"},"modified":"2022-10-04T11:49:05","modified_gmt":"2022-10-04T14:49:05","slug":"wanderlei-barbosa-assegura-continuidade-de-obras-e-novos-concursos-em-2023","status":"publish","type":"post","link":"https:\/\/dgospel.com.br\/portal\/index.php\/2022\/10\/04\/wanderlei-barbosa-assegura-continuidade-de-obras-e-novos-concursos-em-2023\/","title":{"rendered":"Wanderlei Barbosa assegura continuidade de obras e novos concursos em 2023"},"content":{"rendered":"\n<p>Dar andamento \u00e0 realiza\u00e7\u00e3o de concursos para o quadro de servidores e garantir a continuidade de obras importantes ser\u00e3o as primeiras a\u00e7\u00f5es do governador Wanderlei Barbosa para os pr\u00f3ximos anos. Reeleito para mais quatro anos de mandato, de 2023 a 2026, o gestor destaca que todas as a\u00e7\u00f5es realizadas pelo Governo do Tocantins seguem um criterioso planejamento. &#8220;O nosso Governo ser\u00e1 de resultados\u201d, afirmou Wanderlei Barbosa ap\u00f3s vit\u00f3ria expressiva nas urnas, em primeiro turno, neste domingo, 3 de outubro.<\/p>\n\n\n\n<p>O Governador eleito afirma que o desafio \u00e9 grande, mas que \u00e9 preciso ter consci\u00eancia de trabalhar de forma simples e ouvir a comunidade. \u201cTemos a responsabilidade com mais de 1,6 milh\u00e3o de tocantinenses. Formatar um Governo que vem ao encontro com o que as pessoas precisam. Nossa marca \u00e9 uma gest\u00e3o de realiza\u00e7\u00e3o. Temos que cuidar da sa\u00fade, da educa\u00e7\u00e3o, das nossas estradas, que j\u00e1 come\u00e7amos, mas vamos seguir dando aten\u00e7\u00e3o. Nosso novo mandato j\u00e1 come\u00e7ou hoje\u201d, enfatizou.<\/p>\n\n\n\n<p><strong>Sa\u00fade<\/strong><\/p>\n\n\n\n<p>Wanderlei Barbosa reitera que entre os principais desafios da administra\u00e7\u00e3o p\u00fablica est\u00e1 a sa\u00fade, que precisa de cuidados redobrados. \u201cPor mais que trabalhemos pela melhora, ainda temos dificuldade. Neste momento, estamos ampliando o Hospital Geral de Palmas (HGP), com mais de 38 mil metros de \u00e1rea constru\u00edda para aumentar o n\u00famero de leitos intensivos e cl\u00ednicos\u201d, ressaltou o Governador.<\/p>\n\n\n\n<p>O gestor reeleito tamb\u00e9m fez pondera\u00e7\u00f5es sobre a constru\u00e7\u00e3o de uma nova unidade hospitalar para os servi\u00e7os pedi\u00e1tricos e outras especialidades, al\u00e9m da reforma do pr\u00e9dio atual do Hospital e Maternidade Dona Regina, em Palmas, e da constru\u00e7\u00e3o dos Hospitais Gerais em Aragua\u00edna e Gurupi. \u201cVamos monitorar de perto situa\u00e7\u00f5es com a presen\u00e7a de pacientes nos corredores. Queremos entregar logo o hospital de Aragua\u00edna e o de Gurupi. Esse segundo precisa de novas licita\u00e7\u00f5es de coisas que ficaram pelo caminho\u201d, destacou.<\/p>\n\n\n\n<p><strong>Educa\u00e7\u00e3o<\/strong><\/p>\n\n\n\n<p>Para a educa\u00e7\u00e3o, o plano do Governador \u00e9 seguir com as reformas em unidades escolares. \u201cTemos que dar uma nova infraestrutura para a educa\u00e7\u00e3o. Vamos reformar escolas que h\u00e1 anos estavam sem reforma. S\u00e3o 122 unidades em reforma, muitas delas em comunidades tradicionais, ind\u00edgenas e quilombolas. Investimento em educa\u00e7\u00e3o \u00e9 prioridade para nosso Governo. A auto estima \u00e9 importante para o povo\u201d, elencou Wanderlei Barbosa.<\/p>\n\n\n\n<p><strong>Economia e arrecada\u00e7\u00e3o<\/strong><\/p>\n\n\n\n<p>Tamb\u00e9m faz parte do planejamento do Governo do Tocantins aumentar os percentuais da economia e da arrecada\u00e7\u00e3o com o fortalecimento do agroneg\u00f3cio e da industrializa\u00e7\u00e3o. \u201cSeremos um Governo sem aumento de tributos. O aumento de arrecada\u00e7\u00e3o n\u00e3o ser\u00e1 com o aumento da al\u00edquota, mas com volume de vendas, favorecendo o empres\u00e1rio, que gera emprego e renda\u201d, afirmou.<\/p>\n\n\n\n<p><strong>Concursos<\/strong><\/p>\n\n\n\n<p>Ainda para os pr\u00f3ximos dias, Wanderlei Barbosa se reunir\u00e1 com sua equipe administrativa para discutir as previs\u00f5es or\u00e7ament\u00e1rias e a situa\u00e7\u00e3o dos concursos p\u00fablicos. \u201cVamos discutir e votar as leis or\u00e7ament\u00e1rias visando fazer uma boa distribui\u00e7\u00e3o desse or\u00e7amento, contemplando todas as regi\u00f5es e vertentes do servi\u00e7o p\u00fablico, com a seguran\u00e7a p\u00fablica, que estamos com edital pronto para o concurso ano que vem\u201d, enfatizou.<\/p>\n\n\n\n<p>Al\u00e9m da Seguran\u00e7a P\u00fablica, com o concurso da Pol\u00edcia Civil e o chamamento de mais aprovados da Pol\u00edcia Militar, o Governador tamb\u00e9m falou da realiza\u00e7\u00e3o de certames para a Educa\u00e7\u00e3o e a Sa\u00fade. \u201cNa educa\u00e7\u00e3o e na sa\u00fade, fazemos contratos com profissionais que est\u00e3o em sala de aula e n\u00e3o podemos tirar. Estamos h\u00e1 12 anos sem concursos em algumas \u00e1reas. Temos trabalhado para a realiza\u00e7\u00e3o dos concursos para dar seguran\u00e7a jur\u00eddica e regularizar a carreira desses professores e de profissionais da sa\u00fade, que esperam por essa oportunidade\u201d, reiterou o Governador.<\/p>\n\n\n\n<p><\/p>\n\n\n\n<figure class=\"wp-block-image\"><img\/><\/figure>\n","protected":false},"excerpt":{"rendered":"<p>Dar andamento \u00e0 realiza\u00e7\u00e3o de concursos para o quadro de servidores e garantir a continuidade de obras importantes ser\u00e3o as primeiras a\u00e7\u00f5es do governador Wanderlei Barbosa para os pr\u00f3ximos anos. Reeleito para mais quatro anos de mandato, de 2023 a 2026, o gestor destaca que todas as a\u00e7\u00f5es realizadas pelo Governo do Tocantins seguem um [&hellip;]<\/p>\n","protected":false},"author":2,"featured_media":12738,"comment_status":"open","ping_status":"open","sticky":false,"template":"","format":"standard","meta":[],"categories":[3],"tags":[13],"_links":{"self":[{"href":"https:\/\/dgospel.com.br\/portal\/index.php\/wp-json\/wp\/v2\/posts\/12737"}],"collection":[{"href":"https:\/\/dgospel.com.br\/portal\/index.php\/wp-json\/wp\/v2\/posts"}],"about":[{"href":"https:\/\/dgospel.com.br\/portal\/index.php\/wp-json\/wp\/v2\/types\/post"}],"author":[{"embeddable":true,"href":"https:\/\/dgospel.com.br\/portal\/index.php\/wp-json\/wp\/v2\/users\/2"}],"replies":[{"embeddable":true,"href":"https:\/\/dgospel.com.br\/portal\/index.php\/wp-json\/wp\/v2\/comments?post=12737"}],"version-history":[{"count":1,"href":"https:\/\/dgospel.com.br\/portal\/index.php\/wp-json\/wp\/v2\/posts\/12737\/revisions"}],"predecessor-version":[{"id":12739,"href":"https:\/\/dgospel.com.br\/portal\/index.php\/wp-json\/wp\/v2\/posts\/12737\/revisions\/12739"}],"wp:featuredmedia":[{"embeddable":true,"href":"https:\/\/dgospel.com.br\/portal\/index.php\/wp-json\/wp\/v2\/media\/12738"}],"wp:attachment":[{"href":"https:\/\/dgospel.com.br\/portal\/index.php\/wp-json\/wp\/v2\/media?parent=12737"}],"wp:term":[{"taxonomy":"category","embeddable":true,"href":"https:\/\/dgospel.com.br\/portal\/index.php\/wp-json\/wp\/v2\/categories?post=12737"},{"taxonomy":"post_tag","embeddable":true,"href":"https:\/\/dgospel.com.br\/portal\/index.php\/wp-json\/wp\/v2\/tags?post=12737"}],"curies":[{"name":"wp","href":"https:\/\/api.w.org\/{rel}","templated":true}]}}