{"id":12744,"date":"2022-10-04T15:10:04","date_gmt":"2022-10-04T18:10:04","guid":{"rendered":"http:\/\/dgospel.com.br\/portal\/?p=12744"},"modified":"2022-10-04T15:10:06","modified_gmt":"2022-10-04T18:10:06","slug":"moro-declara-apoio-a-bolsonaro-lula-nao-e-opcao-eleitoral","status":"publish","type":"post","link":"https:\/\/dgospel.com.br\/portal\/index.php\/2022\/10\/04\/moro-declara-apoio-a-bolsonaro-lula-nao-e-opcao-eleitoral\/","title":{"rendered":"Moro declara apoio a Bolsonaro: \u201cLula n\u00e3o \u00e9 op\u00e7\u00e3o eleitoral\u201d"},"content":{"rendered":"\n<p>Nesta ter\u00e7a-feira (4), o ex-juiz Sergio Moro, que foi eleito no pleito de domingo como senador pelo estado do Paran\u00e1, declarou apoio ao presidente Jair Bolsonaro (PL). Moro se manifestou por meio das redes sociais.<\/p>\n\n\n\n<p>Segundo o ex-juiz, Lula (PT) n\u00e3o \u00e9 uma op\u00e7\u00e3o eleitoral.<\/p>\n\n\n\n<p>\u2013 Lula n\u00e3o \u00e9 uma op\u00e7\u00e3o eleitoral, com seu governo marcado pela corrup\u00e7\u00e3o da democracia. Contra o projeto de poder do PT, declaro, no segundo turno, o apoio para Bolsonaro \u2013 escreveu, no Twitter.<\/p>\n\n\n\n<figure class=\"wp-block-image\"><img src=\"https:\/\/static.cdn.pleno.news\/2022\/10\/Screenshot-2022-10-04T120720.900.png\" alt=\"\" class=\"wp-image-1022395\"\/><\/figure>\n","protected":false},"excerpt":{"rendered":"<p>Nesta ter\u00e7a-feira (4), o ex-juiz Sergio Moro, que foi eleito no pleito de domingo como senador pelo estado do Paran\u00e1, declarou apoio ao presidente Jair Bolsonaro (PL). Moro se manifestou por meio das redes sociais. Segundo o ex-juiz, Lula (PT) n\u00e3o \u00e9 uma op\u00e7\u00e3o eleitoral. \u2013 Lula n\u00e3o \u00e9 uma op\u00e7\u00e3o eleitoral, com seu governo [&hellip;]<\/p>\n","protected":false},"author":2,"featured_media":12745,"comment_status":"open","ping_status":"open","sticky":false,"template":"","format":"standard","meta":[],"categories":[4],"tags":[],"_links":{"self":[{"href":"https:\/\/dgospel.com.br\/portal\/index.php\/wp-json\/wp\/v2\/posts\/12744"}],"collection":[{"href":"https:\/\/dgospel.com.br\/portal\/index.php\/wp-json\/wp\/v2\/posts"}],"about":[{"href":"https:\/\/dgospel.com.br\/portal\/index.php\/wp-json\/wp\/v2\/types\/post"}],"author":[{"embeddable":true,"href":"https:\/\/dgospel.com.br\/portal\/index.php\/wp-json\/wp\/v2\/users\/2"}],"replies":[{"embeddable":true,"href":"https:\/\/dgospel.com.br\/portal\/index.php\/wp-json\/wp\/v2\/comments?post=12744"}],"version-history":[{"count":1,"href":"https:\/\/dgospel.com.br\/portal\/index.php\/wp-json\/wp\/v2\/posts\/12744\/revisions"}],"predecessor-version":[{"id":12746,"href":"https:\/\/dgospel.com.br\/portal\/index.php\/wp-json\/wp\/v2\/posts\/12744\/revisions\/12746"}],"wp:featuredmedia":[{"embeddable":true,"href":"https:\/\/dgospel.com.br\/portal\/index.php\/wp-json\/wp\/v2\/media\/12745"}],"wp:attachment":[{"href":"https:\/\/dgospel.com.br\/portal\/index.php\/wp-json\/wp\/v2\/media?parent=12744"}],"wp:term":[{"taxonomy":"category","embeddable":true,"href":"https:\/\/dgospel.com.br\/portal\/index.php\/wp-json\/wp\/v2\/categories?post=12744"},{"taxonomy":"post_tag","embeddable":true,"href":"https:\/\/dgospel.com.br\/portal\/index.php\/wp-json\/wp\/v2\/tags?post=12744"}],"curies":[{"name":"wp","href":"https:\/\/api.w.org\/{rel}","templated":true}]}}