{"id":12747,"date":"2022-10-04T15:12:04","date_gmt":"2022-10-04T18:12:04","guid":{"rendered":"http:\/\/dgospel.com.br\/portal\/?p=12747"},"modified":"2022-10-04T15:12:05","modified_gmt":"2022-10-04T18:12:05","slug":"bolsonaro-fala-sobre-apoio-de-moro-apaga-se-o-passado","status":"publish","type":"post","link":"https:\/\/dgospel.com.br\/portal\/index.php\/2022\/10\/04\/bolsonaro-fala-sobre-apoio-de-moro-apaga-se-o-passado\/","title":{"rendered":"Bolsonaro fala sobre apoio de Moro: \u201cApaga-se o passado\u201d"},"content":{"rendered":"\n<p>Ap\u00f3s receber o apoio do senador eleito Sergio Moro (Uni\u00e3o Brasil-PR) no segundo turno da elei\u00e7\u00e3o para o Pal\u00e1cio do Planalto, o presidente Jair Bolsonaro (PL) afirmou nesta ter\u00e7a-feira (4), que o ex-juiz \u201cmostrou o que \u00e9 corrup\u00e7\u00e3o no Brasil\u201d e que ter\u00e1, a partir de agora, um \u201cnovo relacionamento\u201d com seu ex-ministro da Justi\u00e7a.<\/p>\n\n\n\n<p>\u2013 Apaga-se o passado, qualquer diverg\u00eancia que porventura tenha ocorrido. S\u00e9rgio Moro foi uma pessoa que, realmente, mostrou o que era corrup\u00e7\u00e3o no Brasil, levando dezenas de pessoas a condena\u00e7\u00f5es, e deu uma nova din\u00e2mica, muita esperan\u00e7a ao Brasil naquele momento \u2013 declarou Bolsonaro, no Pal\u00e1cio do Planalto, em refer\u00eancia \u00e0 atua\u00e7\u00e3o do ex-juiz na Opera\u00e7\u00e3o Lava Jato.<\/p>\n\n\n\n<p>\u2013 Ent\u00e3o, o Moro vai continuar, no meu entender, como senador trabalhando tamb\u00e9m com vi\u00e9s desse lado, assim como Dallagnol que, publicamente, declarou apoio \u00e0 minha reelei\u00e7\u00e3o \u2013 emendou o chefe do Executivo, em refer\u00eancia a Deltan Dallagnol, ex-procurador da Lava Jato que se elegeu deputado federal.<\/p>\n\n\n\n<p>No Twitter, Moro declarou apoio a Bolsonaro e criticou o ex-presidente Luiz In\u00e1cio Lula da Silva (PT).<\/p>\n\n\n\n<p>\u2013 Lula n\u00e3o \u00e9 uma op\u00e7\u00e3o eleitoral, com seu governo marcado pela corrup\u00e7\u00e3o da democracia. Contra o projeto de poder do PT, declaro, no segundo turno, o apoio para Bolsonaro \u2013 escreveu o ex-juiz.<\/p>\n\n\n\n<p>O petista foi condenado por Moro a 9 anos e 6 meses de pris\u00e3o no \u00e2mbito da Lava Jato, ficou 580 dias preso ap\u00f3s ter a senten\u00e7a confirmada em segundo inst\u00e2ncia, mas saiu da cadeia em 2019 ap\u00f3s o Supremo Tribunal Federal (STF) decidir que a pris\u00e3o s\u00f3 pode ocorrer ap\u00f3s o tr\u00e2nsito em julgado, quando n\u00e3o h\u00e1 mais possibilidade de recurso. Em 2021, a Corte anulou a condena\u00e7\u00e3o de Lula e concluiu que Moro agiu com parcialidade na investiga\u00e7\u00e3o.<\/p>\n\n\n\n<p>*AE<\/p>\n","protected":false},"excerpt":{"rendered":"<p>Ap\u00f3s receber o apoio do senador eleito Sergio Moro (Uni\u00e3o Brasil-PR) no segundo turno da elei\u00e7\u00e3o para o Pal\u00e1cio do Planalto, o presidente Jair Bolsonaro (PL) afirmou nesta ter\u00e7a-feira (4), que o ex-juiz \u201cmostrou o que \u00e9 corrup\u00e7\u00e3o no Brasil\u201d e que ter\u00e1, a partir de agora, um \u201cnovo relacionamento\u201d com seu ex-ministro da Justi\u00e7a. [&hellip;]<\/p>\n","protected":false},"author":2,"featured_media":12748,"comment_status":"open","ping_status":"open","sticky":false,"template":"","format":"standard","meta":[],"categories":[4],"tags":[],"_links":{"self":[{"href":"https:\/\/dgospel.com.br\/portal\/index.php\/wp-json\/wp\/v2\/posts\/12747"}],"collection":[{"href":"https:\/\/dgospel.com.br\/portal\/index.php\/wp-json\/wp\/v2\/posts"}],"about":[{"href":"https:\/\/dgospel.com.br\/portal\/index.php\/wp-json\/wp\/v2\/types\/post"}],"author":[{"embeddable":true,"href":"https:\/\/dgospel.com.br\/portal\/index.php\/wp-json\/wp\/v2\/users\/2"}],"replies":[{"embeddable":true,"href":"https:\/\/dgospel.com.br\/portal\/index.php\/wp-json\/wp\/v2\/comments?post=12747"}],"version-history":[{"count":1,"href":"https:\/\/dgospel.com.br\/portal\/index.php\/wp-json\/wp\/v2\/posts\/12747\/revisions"}],"predecessor-version":[{"id":12749,"href":"https:\/\/dgospel.com.br\/portal\/index.php\/wp-json\/wp\/v2\/posts\/12747\/revisions\/12749"}],"wp:featuredmedia":[{"embeddable":true,"href":"https:\/\/dgospel.com.br\/portal\/index.php\/wp-json\/wp\/v2\/media\/12748"}],"wp:attachment":[{"href":"https:\/\/dgospel.com.br\/portal\/index.php\/wp-json\/wp\/v2\/media?parent=12747"}],"wp:term":[{"taxonomy":"category","embeddable":true,"href":"https:\/\/dgospel.com.br\/portal\/index.php\/wp-json\/wp\/v2\/categories?post=12747"},{"taxonomy":"post_tag","embeddable":true,"href":"https:\/\/dgospel.com.br\/portal\/index.php\/wp-json\/wp\/v2\/tags?post=12747"}],"curies":[{"name":"wp","href":"https:\/\/api.w.org\/{rel}","templated":true}]}}