{"id":1275,"date":"2018-09-11T09:27:21","date_gmt":"2018-09-11T12:27:21","guid":{"rendered":"http:\/\/dgospel.com.br\/portal\/?p=1275"},"modified":"2018-09-11T09:27:21","modified_gmt":"2018-09-11T12:27:21","slug":"tocantins-participa-de-reuniao-da-forca-tarefa-dos-governadores-para-o-clima-e-florestas","status":"publish","type":"post","link":"https:\/\/dgospel.com.br\/portal\/index.php\/2018\/09\/11\/tocantins-participa-de-reuniao-da-forca-tarefa-dos-governadores-para-o-clima-e-florestas\/","title":{"rendered":"Tocantins participa de Reuni\u00e3o da For\u00e7a Tarefa dos Governadores para o Clima e Florestas"},"content":{"rendered":"<p>Conhecer e garantir novas oportunidades de financiamentos e parcerias para as a\u00e7\u00f5es de preven\u00e7\u00e3o e combate ao desmatamento, avaliar os modelos de arcabou\u00e7os de Redu\u00e7\u00e3o das Emiss\u00f5es por Desmatamento e Degrada\u00e7\u00e3o (REDD+), s\u00e3o os principais assuntos que ser\u00e3o discutidos no encontro anual Reuni\u00e3o da For\u00e7a Tarefa dos Governadores para o Clima e Florestas (GCF), que conta com a presen\u00e7a de representantes do Governo do Tocantins. A GCF segue at\u00e9 o pr\u00f3ximo dia 15, na Calif\u00f3rnia (EUA), e a participa\u00e7\u00e3o ocorre por meio meio da Secretaria de Estado do Meio Ambiente e Recursos H\u00eddricos (Semarh).<\/p>\n<p><b>\u00a0<\/b><\/p>\n<p>A reuni\u00e3o da GCF tem como miss\u00e3o servir como plataforma para colabora\u00e7\u00e3o e cria\u00e7\u00e3o de novas parcerias com jurisdi\u00e7\u00f5es europeias, setor privado, sociedade civil, povos ind\u00edgenas e institui\u00e7\u00f5es financeiras, al\u00e9m de criar oportunidades de aprendizado sobre hist\u00f3rias subnacionais bem sucedidas e tra\u00e7ar caminhos futuros. A Reuni\u00e3o \u00e9 um catalisador para unir iniciativas subnacionais em uma voz comum, em dire\u00e7\u00e3o \u00e0 COP 21 da Confer\u00eancia das Na\u00e7\u00f5es Unidas sobre Mudan\u00e7as Clim\u00e1ticas.<b><\/b><\/p>\n<p>&nbsp;<\/p>\n<p>O subsecret\u00e1rio da Semarh, Rubens Brito, informou que o Governo do Tocantins vai apresentar o escopo do Programa Jurisdicional de Redu\u00e7\u00e3o de Emiss\u00f5es por Desmatamento e Degrada\u00e7\u00e3o. \u201cEst\u00e1 em fase de elabora\u00e7\u00e3o, mas com ele temos o reconhecimento internacional dos esfor\u00e7os para redu\u00e7\u00e3o do desmatamento, com isso possibilita ao Estado receber recursos financeiros por deixar de emitir gases de efeito estufa na atmosfera\u201d, afirmou.<\/p>\n<p>&nbsp;<\/p>\n<p>O encontro, segundo Rubens Brito, \u00e9 um cen\u00e1rio promissor para apresentar os atuais projetos realizados pelo Tocantins. \u201cEstamos com a cadeia produtiva sustent\u00e1vel e podemos ampliar com a implanta\u00e7\u00e3o do Projeto Campo Sustent\u00e1vel, umas das a\u00e7\u00f5es que ser\u00e3o apresentadas para obtermos financiamentos\u201d, destacou o subsecret\u00e1rio, acrescentando que o objetivo \u00e9 inserir programas, projetos e estudos relacionados ao desenho da Estrat\u00e9gia Estadual de Desenvolvimento Rural de Baixas Emiss\u00f5es (DRBE).<b><\/b><\/p>\n<p>&nbsp;<\/p>\n<p><b>Pol\u00edtica de REDD+<\/b><\/p>\n<p>&nbsp;<\/p>\n<p>A pol\u00edtica de REDD+ \u00e9 um incentivo desenvolvido no \u00e2mbito das Na\u00e7\u00f5es Unidas sobre mudan\u00e7a do clima para recompensar financeiramente pa\u00edses em desenvolvimento por seus resultados no combate ao desmatamento e \u00e0 degrada\u00e7\u00e3o florestal e na promo\u00e7\u00e3o do aumento de cobertura florestal.<b><\/b><\/p>\n","protected":false},"excerpt":{"rendered":"<p>Conhecer e garantir novas oportunidades de financiamentos e parcerias para as a\u00e7\u00f5es de preven\u00e7\u00e3o e combate ao desmatamento, avaliar os modelos de arcabou\u00e7os de Redu\u00e7\u00e3o das Emiss\u00f5es por Desmatamento e Degrada\u00e7\u00e3o (REDD+), s\u00e3o os principais assuntos que ser\u00e3o discutidos no encontro anual Reuni\u00e3o da For\u00e7a Tarefa dos Governadores para o Clima e Florestas (GCF), que [&hellip;]<\/p>\n","protected":false},"author":2,"featured_media":1276,"comment_status":"open","ping_status":"open","sticky":false,"template":"","format":"standard","meta":[],"categories":[2,3],"tags":[],"_links":{"self":[{"href":"https:\/\/dgospel.com.br\/portal\/index.php\/wp-json\/wp\/v2\/posts\/1275"}],"collection":[{"href":"https:\/\/dgospel.com.br\/portal\/index.php\/wp-json\/wp\/v2\/posts"}],"about":[{"href":"https:\/\/dgospel.com.br\/portal\/index.php\/wp-json\/wp\/v2\/types\/post"}],"author":[{"embeddable":true,"href":"https:\/\/dgospel.com.br\/portal\/index.php\/wp-json\/wp\/v2\/users\/2"}],"replies":[{"embeddable":true,"href":"https:\/\/dgospel.com.br\/portal\/index.php\/wp-json\/wp\/v2\/comments?post=1275"}],"version-history":[{"count":1,"href":"https:\/\/dgospel.com.br\/portal\/index.php\/wp-json\/wp\/v2\/posts\/1275\/revisions"}],"predecessor-version":[{"id":1277,"href":"https:\/\/dgospel.com.br\/portal\/index.php\/wp-json\/wp\/v2\/posts\/1275\/revisions\/1277"}],"wp:featuredmedia":[{"embeddable":true,"href":"https:\/\/dgospel.com.br\/portal\/index.php\/wp-json\/wp\/v2\/media\/1276"}],"wp:attachment":[{"href":"https:\/\/dgospel.com.br\/portal\/index.php\/wp-json\/wp\/v2\/media?parent=1275"}],"wp:term":[{"taxonomy":"category","embeddable":true,"href":"https:\/\/dgospel.com.br\/portal\/index.php\/wp-json\/wp\/v2\/categories?post=1275"},{"taxonomy":"post_tag","embeddable":true,"href":"https:\/\/dgospel.com.br\/portal\/index.php\/wp-json\/wp\/v2\/tags?post=1275"}],"curies":[{"name":"wp","href":"https:\/\/api.w.org\/{rel}","templated":true}]}}