{"id":12750,"date":"2022-10-05T10:23:35","date_gmt":"2022-10-05T13:23:35","guid":{"rendered":"http:\/\/dgospel.com.br\/portal\/?p=12750"},"modified":"2022-10-05T10:23:36","modified_gmt":"2022-10-05T13:23:36","slug":"petista-interrompe-culto-manda-pastor-calar-a-boca-e-agride-diaconos","status":"publish","type":"post","link":"https:\/\/dgospel.com.br\/portal\/index.php\/2022\/10\/05\/petista-interrompe-culto-manda-pastor-calar-a-boca-e-agride-diaconos\/","title":{"rendered":"Petista interrompe culto, manda pastor \u201ccalar a boca\u201d e agride di\u00e1conos"},"content":{"rendered":"\n<p>Uma&nbsp;<strong><a href=\"https:\/\/guiame.com.br\/gospel\/noticias\/igreja-evangelica-no-ceara-e-vandalizada-por-militante-do-pt-denuncia-deputado.html\">petista<\/a><\/strong>&nbsp;interrompeu e perturbou o culto da Igreja Verbo da Vida, no domingo (2), em Petrolina, Pernambuco, enquanto a apura\u00e7\u00e3o dos votos das&nbsp;<strong><a href=\"https:\/\/guiame.com.br\/gospel\/noticias\/brasil-camara-e-senado-se-tornam-mais-conservadores-em-2023.html\">elei\u00e7\u00f5es<\/a><\/strong>&nbsp;era feita em todo o Brasil.<\/p>\n\n\n\n<p>Um v\u00eddeo no Instagram, postado pelo pastor da igreja, Edilson de Lira, mostra o momento em que a mulher, com roupas vermelhas, se levanta e grita palavras de ordem a favor de Lula e contra o presidente Bolsonaro, atrapalhando o andamento do culto.<\/p>\n\n\n\n<p>Em entrevista exclusiva ao&nbsp;<strong>Guiame<\/strong>, o pastor Edilson contou os detalhes do caso de perturba\u00e7\u00e3o, considerado crime pelo C\u00f3digo Penal Brasileiro.&nbsp;<\/p>\n\n\n\n<p>\u201cA interrup\u00e7\u00e3o aconteceu ap\u00f3s a prega\u00e7\u00e3o, no momento dos d\u00edzimos e ofertas. Uma senhora, vestida de vermelho, se levantou e come\u00e7ou a gritar que os pastores eram mentirosos, que Bolsonaro ia para o inferno, e outras coisas que eu nem teria coragem de escrever\u201d, contou o l\u00edder.<\/p>\n\n\n\n<p>Logo depois, em um momento que n\u00e3o aparece no v\u00eddeo, os di\u00e1conos pediram que a petista n\u00e3o atrapalhasse o culto, mas a mulher se exaltou ainda mais e os agrediu, segundo Edilson.<\/p>\n\n\n\n<p>\u201cApesar do pedido educado de nossa diaconia para que ela se silenciasse e se sentasse, ou fosse embora, a mesma aumentou o tom, e chegou a agredir fisicamente nossa equipe\u201d, afirmou ele.<\/p>\n\n\n\n<p>No in\u00edcio, os membros e o pastor que dirigia o culto se assustaram com a a\u00e7\u00e3o da mulher. Quando o dirigente tentou continuar o culto normalmente, ignorando a tentativa de perturba\u00e7\u00e3o, a petista mandou o pastor \u201ccalar a boca\u201d.<\/p>\n\n\n\n<p> <\/p>\n\n\n\n<p>\u201cQuando a mulher gritou que ele calasse a boca, ele ent\u00e3o levou de forma leve e tentou descontrair o p\u00fablico, at\u00e9 que nossos seguran\u00e7as a retirassem do audit\u00f3rio. A igreja come\u00e7ou a aplaudir o pastor, e cantar com nosso grupo de m\u00fasica, at\u00e9 mesmo para \u2018abafar\u2019 a voz da mulher\u201d, relatou Edilson.<\/p>\n\n\n\n<p>O pastor informou que a igreja j\u00e1 tomou as provid\u00eancias legais para denunciar o crime, que tem pena prevista de um m\u00eas a um ano de deten\u00e7\u00e3o ou multa.<\/p>\n\n\n\n<p>A postagem do pastor Edilson mostrando o incidente ganhou muitos coment\u00e1rios de usu\u00e1rios, que condenaram a a\u00e7\u00e3o da petista e apoiaram a igreja, incluindo a pastora Talitha Pereira, l\u00edder da Igreja do Amor em Pernambuco.<\/p>\n\n\n\n<p>\u201cN\u00e3o podemos deixar eles atrapalharem nossa liberdade de culto!!! Muito bem meu amigo vamos nos unir!!! N\u00e3o vamos nos calar!\u201d, escreveu Talitha.<\/p>\n\n\n\n<p>Nesta segunda-feira (3), o vereador crist\u00e3o de Petrolina, Diogo Hoffmann, se manifestou sobre o caso e repudiou a a\u00e7\u00e3o da&nbsp;<strong><a href=\"https:\/\/guiame.com.br\/gospel\/noticias\/stf-devolve-mandato-de-vereador-do-pt-que-invadiu-igreja.html\">petista<\/a><\/strong>.<\/p>\n\n\n\n<p>\u201cToda a minha solidariedade ao pastor Edilson e aos irm\u00e3os e irm\u00e3s da Verbo Petrolina\u201d, declarou Diogo.<\/p>\n\n\n\n<p><strong>Uma chamada aos crist\u00e3os para se posicionarem<\/strong><\/p>\n\n\n\n<p>O vereador&nbsp;<strong><a href=\"https:\/\/guiame.com.br\/colunistas\/hernandes-dias-lopes\/um-alerta-nacao-brasileira.html\">alertou<\/a><\/strong>&nbsp;que a liberdade religiosa no Brasil vem sofrendo amea\u00e7as e chamou os crist\u00e3os a se posicionarem.<\/p>\n\n\n\n<p>\u201cPrecisamos nos posicionar de forma veemente contra todo e qualquer obst\u00e1culo ao exerc\u00edcio de qualquer culto ou celebra\u00e7\u00e3o religiosa, mas tamb\u00e9m precisamos entender o que est\u00e1 em jogo nessas elei\u00e7\u00f5es\u201d, ressaltou.<\/p>\n\n\n\n<p>E Diogo acrescentou: \u201cSe voc\u00ea \u00e9 crist\u00e3o e entende que a nossa pr\u00f3pria liberdade de culto est\u00e1 em jogo nessas elei\u00e7\u00f5es, voc\u00ea precisa se posicionar de forma firme contra absurdos como esse\u201d.<\/p>\n\n\n\n<p><img src=\"https:\/\/thumbor.guiame.com.br\/unsafe\/smart\/https:\/\/media.guiame.com.br\/archives\/2022\/10\/03\/4182659502-.jpg\" alt=\"\" width=\"600\"><br><sup>Edilson de Lira, pastor da Igreja Verbo da Vida Petrolina. (Foto: Instagram\/Edilson de Lira).<\/sup><\/p>\n\n\n\n<p>O pastor Edilson pensa da mesma forma: \u201cEu quero ser representado por pol\u00edticos que carregam meus&nbsp;<strong><a href=\"https:\/\/guiame.com.br\/gospel\/noticias\/todos-deveriam-ter-direito-ao-aborto-defende-lula.html\">valores crist\u00e3os<\/a><\/strong>, e por isso&nbsp;<strong><a href=\"https:\/\/guiame.com.br\/gospel\/mundo-cristao\/como-o-cristao-deve-votar-pastores-mostram-o-que-deve-ser-considerado-nas-urnas.html\">nossa participa\u00e7\u00e3o nas elei\u00e7\u00f5es<\/a><\/strong>&nbsp;\u00e9 fundamental para influenciar no rumo da sociedade. O Estado \u00e9 laico, mas a Na\u00e7\u00e3o Brasileira \u00e9 uma Na\u00e7\u00e3o Crist\u00e3. O Brasil \u00e9 do Senhor Jesus!\u201d.<\/p>\n\n\n\n<p><strong>O papel da Igreja como voz prof\u00e9tica<\/strong><\/p>\n\n\n\n<p>Para o l\u00edder, a igreja tem um papel importante como voz prof\u00e9tica e como agente de transforma\u00e7\u00e3o na sociedade.<\/p>\n\n\n\n<p>\u201cMuita gente acha que cristianismo e pol\u00edtica n\u00e3o se misturam, mas nada pode ser mais distante da verdade. Esse pensamento fere a Constitui\u00e7\u00e3o, a nossa moral, e o registro da hist\u00f3ria do cristianismo\u201d, destacou.<\/p>\n\n\n\n<p>\u201cO cristianismo sempre foi uma voz prof\u00e9tica entre os governantes, condenando seus pecados ou trazendo conselhos. Acabamos com a luta de gladiadores em Roma, fundamos os hospitais e universidades modernos e defendemos os direitos civis dos negros, s\u00f3 para exemplificar\u201d.<\/p>\n\n\n\n<p>E o pastor Edilson concluiu: \u201cA igreja \u00e9 uma voz, e n\u00e3o um eco. Somos agentes de transforma\u00e7\u00e3o\u201d.<\/p>\n\n\n\n<p><\/p>\n\n\n\n<p><\/p>\n","protected":false},"excerpt":{"rendered":"<p>Uma&nbsp;petista&nbsp;interrompeu e perturbou o culto da Igreja Verbo da Vida, no domingo (2), em Petrolina, Pernambuco, enquanto a apura\u00e7\u00e3o dos votos das&nbsp;elei\u00e7\u00f5es&nbsp;era feita em todo o Brasil. Um v\u00eddeo no Instagram, postado pelo pastor da igreja, Edilson de Lira, mostra o momento em que a mulher, com roupas vermelhas, se levanta e grita palavras de [&hellip;]<\/p>\n","protected":false},"author":2,"featured_media":12751,"comment_status":"open","ping_status":"open","sticky":false,"template":"","format":"standard","meta":[],"categories":[5],"tags":[],"_links":{"self":[{"href":"https:\/\/dgospel.com.br\/portal\/index.php\/wp-json\/wp\/v2\/posts\/12750"}],"collection":[{"href":"https:\/\/dgospel.com.br\/portal\/index.php\/wp-json\/wp\/v2\/posts"}],"about":[{"href":"https:\/\/dgospel.com.br\/portal\/index.php\/wp-json\/wp\/v2\/types\/post"}],"author":[{"embeddable":true,"href":"https:\/\/dgospel.com.br\/portal\/index.php\/wp-json\/wp\/v2\/users\/2"}],"replies":[{"embeddable":true,"href":"https:\/\/dgospel.com.br\/portal\/index.php\/wp-json\/wp\/v2\/comments?post=12750"}],"version-history":[{"count":1,"href":"https:\/\/dgospel.com.br\/portal\/index.php\/wp-json\/wp\/v2\/posts\/12750\/revisions"}],"predecessor-version":[{"id":12752,"href":"https:\/\/dgospel.com.br\/portal\/index.php\/wp-json\/wp\/v2\/posts\/12750\/revisions\/12752"}],"wp:featuredmedia":[{"embeddable":true,"href":"https:\/\/dgospel.com.br\/portal\/index.php\/wp-json\/wp\/v2\/media\/12751"}],"wp:attachment":[{"href":"https:\/\/dgospel.com.br\/portal\/index.php\/wp-json\/wp\/v2\/media?parent=12750"}],"wp:term":[{"taxonomy":"category","embeddable":true,"href":"https:\/\/dgospel.com.br\/portal\/index.php\/wp-json\/wp\/v2\/categories?post=12750"},{"taxonomy":"post_tag","embeddable":true,"href":"https:\/\/dgospel.com.br\/portal\/index.php\/wp-json\/wp\/v2\/tags?post=12750"}],"curies":[{"name":"wp","href":"https:\/\/api.w.org\/{rel}","templated":true}]}}