{"id":12756,"date":"2022-10-05T22:43:13","date_gmt":"2022-10-06T01:43:13","guid":{"rendered":"http:\/\/dgospel.com.br\/portal\/?p=12756"},"modified":"2022-10-05T22:43:14","modified_gmt":"2022-10-06T01:43:14","slug":"2023-bancada-evangelica-tera-pelo-menos-115-nomes","status":"publish","type":"post","link":"https:\/\/dgospel.com.br\/portal\/index.php\/2022\/10\/05\/2023-bancada-evangelica-tera-pelo-menos-115-nomes\/","title":{"rendered":"2023: Bancada Evang\u00e9lica ter\u00e1 pelo menos 115 nomes"},"content":{"rendered":"\n<p>A Frente Parlamentar Evang\u00e9lica (FPE) emitiu nesta quarta-feira (5) uma nota sobre o resultado das elei\u00e7\u00f5es, divulgando o n\u00famero de deputados e senadores que tomar\u00e3o posse no pr\u00f3ximo ano.<\/p>\n\n\n\n<p>Presidida pelo deputado federal S\u00f3stenes Cavalcante (PL-RJ), que foi reeleito, a FPE ter\u00e1 pelo menos 115 parlamentares no pr\u00f3ximo mandato (2023-2026), n\u00famero semelhante aos 114 nomes que fazem parte da bancada atualmente.<\/p>\n\n\n\n<p>Segundo a nota, s\u00e3o 102 deputados federais evang\u00e9licos que foram eleitos e 13 senadores. Por\u00e9m, este n\u00famero pode aumentar assim que a contabiliza\u00e7\u00e3o dos novos eleitos for conclu\u00edda em S\u00e3o Paulo, Paran\u00e1, Santa Catarina e Rio Grande do Sul.<\/p>\n\n\n\n<p>Sendo assim, o n\u00famero exato da FPE s\u00f3 poder\u00e1 ser confirmado ap\u00f3s a posse dos novos parlamentares que acontecer\u00e1 em fevereiro de 2023.<\/p>\n","protected":false},"excerpt":{"rendered":"<p>A Frente Parlamentar Evang\u00e9lica (FPE) emitiu nesta quarta-feira (5) uma nota sobre o resultado das elei\u00e7\u00f5es, divulgando o n\u00famero de deputados e senadores que tomar\u00e3o posse no pr\u00f3ximo ano. Presidida pelo deputado federal S\u00f3stenes Cavalcante (PL-RJ), que foi reeleito, a FPE ter\u00e1 pelo menos 115 parlamentares no pr\u00f3ximo mandato (2023-2026), n\u00famero semelhante aos 114 nomes [&hellip;]<\/p>\n","protected":false},"author":2,"featured_media":12757,"comment_status":"open","ping_status":"open","sticky":false,"template":"","format":"standard","meta":[],"categories":[8],"tags":[],"_links":{"self":[{"href":"https:\/\/dgospel.com.br\/portal\/index.php\/wp-json\/wp\/v2\/posts\/12756"}],"collection":[{"href":"https:\/\/dgospel.com.br\/portal\/index.php\/wp-json\/wp\/v2\/posts"}],"about":[{"href":"https:\/\/dgospel.com.br\/portal\/index.php\/wp-json\/wp\/v2\/types\/post"}],"author":[{"embeddable":true,"href":"https:\/\/dgospel.com.br\/portal\/index.php\/wp-json\/wp\/v2\/users\/2"}],"replies":[{"embeddable":true,"href":"https:\/\/dgospel.com.br\/portal\/index.php\/wp-json\/wp\/v2\/comments?post=12756"}],"version-history":[{"count":1,"href":"https:\/\/dgospel.com.br\/portal\/index.php\/wp-json\/wp\/v2\/posts\/12756\/revisions"}],"predecessor-version":[{"id":12758,"href":"https:\/\/dgospel.com.br\/portal\/index.php\/wp-json\/wp\/v2\/posts\/12756\/revisions\/12758"}],"wp:featuredmedia":[{"embeddable":true,"href":"https:\/\/dgospel.com.br\/portal\/index.php\/wp-json\/wp\/v2\/media\/12757"}],"wp:attachment":[{"href":"https:\/\/dgospel.com.br\/portal\/index.php\/wp-json\/wp\/v2\/media?parent=12756"}],"wp:term":[{"taxonomy":"category","embeddable":true,"href":"https:\/\/dgospel.com.br\/portal\/index.php\/wp-json\/wp\/v2\/categories?post=12756"},{"taxonomy":"post_tag","embeddable":true,"href":"https:\/\/dgospel.com.br\/portal\/index.php\/wp-json\/wp\/v2\/tags?post=12756"}],"curies":[{"name":"wp","href":"https:\/\/api.w.org\/{rel}","templated":true}]}}