{"id":12759,"date":"2022-10-05T22:45:52","date_gmt":"2022-10-06T01:45:52","guid":{"rendered":"http:\/\/dgospel.com.br\/portal\/?p=12759"},"modified":"2022-10-05T22:45:53","modified_gmt":"2022-10-06T01:45:53","slug":"pedido-de-cpi-das-pesquisas-alcanca-assinaturas-necessarias","status":"publish","type":"post","link":"https:\/\/dgospel.com.br\/portal\/index.php\/2022\/10\/05\/pedido-de-cpi-das-pesquisas-alcanca-assinaturas-necessarias\/","title":{"rendered":"Pedido de CPI das Pesquisas alcan\u00e7a assinaturas necess\u00e1rias"},"content":{"rendered":"\n<p>Nesta quarta-feira (5), o pedido de cria\u00e7\u00e3o de uma Comiss\u00e3o Parlamentar de Inqu\u00e9rito (CPI) para investigar as pesquisas eleitorais alcan\u00e7ou o n\u00famero de m\u00ednimo de assinaturas necess\u00e1rias. Com o apoio de 27 senadores, o colegiado agora poder\u00e1 ser instalado pelo Senado.<\/p>\n\n\n\n<p>A ideia da CPI \u00e9 \u201caferir as causas das expressivas discrep\u00e2ncias\u201d entre os resultados das pesquisas de inten\u00e7\u00e3o de votos e os resultados das urnas das elei\u00e7\u00f5es do \u00faltimo domingo (2).<\/p>\n\n\n\n<p>Ao site Metr\u00f3poles, o presidente do Senado, Rodrigo Pacheco (PSD-MG), afirmou que ainda ir\u00e1 analisar o m\u00e9rito do pedido.<\/p>\n\n\n\n<p>\u2013 O requerimento ter\u00e1 o tratamento dado a todo pedido de CPI. A avalia\u00e7\u00e3o dos requisitos e o encaminhamento dentro da normalidade do regimento. N\u00e3o avaliei o m\u00e9rito ainda, o requerimento ainda n\u00e3o foi formalizado com as assinaturas suficientes \u2013 apontou.<\/p>\n\n\n\n<p>O pedido de cria\u00e7\u00e3o da CPI foi protocolado pelo senador Marcos do Val (Podemos-ES).<\/p>\n","protected":false},"excerpt":{"rendered":"<p>Nesta quarta-feira (5), o pedido de cria\u00e7\u00e3o de uma Comiss\u00e3o Parlamentar de Inqu\u00e9rito (CPI) para investigar as pesquisas eleitorais alcan\u00e7ou o n\u00famero de m\u00ednimo de assinaturas necess\u00e1rias. Com o apoio de 27 senadores, o colegiado agora poder\u00e1 ser instalado pelo Senado. A ideia da CPI \u00e9 \u201caferir as causas das expressivas discrep\u00e2ncias\u201d entre os resultados [&hellip;]<\/p>\n","protected":false},"author":2,"featured_media":12760,"comment_status":"open","ping_status":"open","sticky":false,"template":"","format":"standard","meta":[],"categories":[8],"tags":[],"_links":{"self":[{"href":"https:\/\/dgospel.com.br\/portal\/index.php\/wp-json\/wp\/v2\/posts\/12759"}],"collection":[{"href":"https:\/\/dgospel.com.br\/portal\/index.php\/wp-json\/wp\/v2\/posts"}],"about":[{"href":"https:\/\/dgospel.com.br\/portal\/index.php\/wp-json\/wp\/v2\/types\/post"}],"author":[{"embeddable":true,"href":"https:\/\/dgospel.com.br\/portal\/index.php\/wp-json\/wp\/v2\/users\/2"}],"replies":[{"embeddable":true,"href":"https:\/\/dgospel.com.br\/portal\/index.php\/wp-json\/wp\/v2\/comments?post=12759"}],"version-history":[{"count":1,"href":"https:\/\/dgospel.com.br\/portal\/index.php\/wp-json\/wp\/v2\/posts\/12759\/revisions"}],"predecessor-version":[{"id":12761,"href":"https:\/\/dgospel.com.br\/portal\/index.php\/wp-json\/wp\/v2\/posts\/12759\/revisions\/12761"}],"wp:featuredmedia":[{"embeddable":true,"href":"https:\/\/dgospel.com.br\/portal\/index.php\/wp-json\/wp\/v2\/media\/12760"}],"wp:attachment":[{"href":"https:\/\/dgospel.com.br\/portal\/index.php\/wp-json\/wp\/v2\/media?parent=12759"}],"wp:term":[{"taxonomy":"category","embeddable":true,"href":"https:\/\/dgospel.com.br\/portal\/index.php\/wp-json\/wp\/v2\/categories?post=12759"},{"taxonomy":"post_tag","embeddable":true,"href":"https:\/\/dgospel.com.br\/portal\/index.php\/wp-json\/wp\/v2\/tags?post=12759"}],"curies":[{"name":"wp","href":"https:\/\/api.w.org\/{rel}","templated":true}]}}