{"id":12765,"date":"2022-10-05T23:10:15","date_gmt":"2022-10-06T02:10:15","guid":{"rendered":"http:\/\/dgospel.com.br\/portal\/?p=12765"},"modified":"2022-10-05T23:10:16","modified_gmt":"2022-10-06T02:10:16","slug":"planejar-para-realizar-define-governador-wanderlei-em-pronunciamento-aos-34-anos-do-tocantins","status":"publish","type":"post","link":"https:\/\/dgospel.com.br\/portal\/index.php\/2022\/10\/05\/planejar-para-realizar-define-governador-wanderlei-em-pronunciamento-aos-34-anos-do-tocantins\/","title":{"rendered":"\u201cPlanejar para realizar\u201d, define governador Wanderlei em pronunciamento aos 34 anos do Tocantins"},"content":{"rendered":"\n<p>Em comemora\u00e7\u00e3o aos 34 anos de emancipa\u00e7\u00e3o pol\u00edtica do Tocantins, celebrado nesta quarta-feira, 5, o governador reeleito Wanderlei Barbosa se pronunciou oficialmente. No discurso, o primeiro tocantinense, filho leg\u00edtimo da terra, eleito chefe do executivo no Estado, cita que o \u201cPlanejamento\u201d ser\u00e1 o ponto de partida para as pr\u00f3ximas a\u00e7\u00f5es do Governo. \u201cPrecisamos ir al\u00e9m, por isso, estamos trabalhando e planejando para crescer do jeito certo\u201d, define o l\u00edder do executivo estadual.<\/p>\n\n\n\n<p>Wanderlei Barbosa que, desde novembro de 2021, est\u00e1 \u00e0 frente do Pal\u00e1cio Araguaia, ressalta, no pronunciamento, que h\u00e1 muito por fazer. \u201cAs demandas s\u00e3o urgentes e, em quase um ano, j\u00e1 podemos ver os primeiros resultados: com o plano de recupera\u00e7\u00e3o da malha vi\u00e1ria, as obras no HGP [Hospital Geral de Palmas] e do Hospital de Aragua\u00edna, reforma e amplia\u00e7\u00e3o de escolas, o resgate dos compromissos com o servidor, entre outros\u201d, afirma.<\/p>\n\n\n\n<p><strong>Sa\u00fade<\/strong><\/p>\n\n\n\n<p>O Governador enfatiza, ainda, que investir\u00e1 muito mais em sa\u00fade. Seu objetivo \u00e9 concluir as obras de amplia\u00e7\u00e3o do Hospital Geral de Palmas (HGP), estruturar e equipar o Hospital Regional de Gurupi e finalizar as obras do Hospital de Aragua\u00edna. \u201cPlanejar para concluir a amplia\u00e7\u00e3o do HGP, que vai duplicar sua capacidade de atendimento em UTI; planejar para finalizar o Hospital de Aragua\u00edna at\u00e9 o final do ano que vem e fazer as licita\u00e7\u00f5es necess\u00e1rias para o Hospital de Gurupi\u201d, refor\u00e7a o governador Wanderlei Barbosa.<\/p>\n\n\n\n<p><strong>Educa\u00e7\u00e3o<\/strong><\/p>\n\n\n\n<p>Como prioridade, ele cita a educa\u00e7\u00e3o, projetando a revitaliza\u00e7\u00e3o da infraestrutura escolar nas unidades estaduais, al\u00e9m da constru\u00e7\u00e3o de novas escolas, e a realiza\u00e7\u00e3o de concurso para diversas \u00e1reas. \u201cPlanejar para revitalizar e construir as escolas que s\u00e3o necess\u00e1rias na sua cidade, porque educa\u00e7\u00e3o, para mim, \u00e9 prioridade sempre\u201d, refor\u00e7a Wanderlei Barbosa. Falando direto com seu eleitorado, o Governador &nbsp;destaca, ainda, a realiza\u00e7\u00e3o de concursos nas \u00e1reas de educa\u00e7\u00e3o, sa\u00fade e seguran\u00e7a j\u00e1 a partir do pr\u00f3ximo ano.<\/p>\n\n\n\n<p><strong>Infraestrutura<\/strong><\/p>\n\n\n\n<p>No que abrange a infraestrutura do Estado, Wanderlei Barbosa refor\u00e7a a recupera\u00e7\u00e3o da malha vi\u00e1ria estadual, duplicando ou implantando uma terceira pista nas rodovias que necessitam. Desta forma, o Governador pretende atrair novos investidores, fundamentais para gerar empregos e movimentar a economia, \u201cmas sem aumentar a carga tribut\u00e1ria\u201d, enfatiza.<\/p>\n\n\n\n<p>\u201cNeste p\u00f3s-pandemia de tantos desafios, o Tocantins vive um momento \u00fanico de trabalho e supera\u00e7\u00e3o. \u00c9 planejando, trabalhando e, principalmente, ouvindo os anseios da comunidade que n\u00f3s comemoramos os 34 anos do Tocantins\u201d, finaliza o Gestor.<\/p>\n\n\n\n<p><br>Fique atento \u00e0s redes sociais do Governo do Tocantins e aos ve\u00edculos de comunica\u00e7\u00e3o do seu munic\u00edpio para poder acompanhar de perto a fala do governador Wanderlei Barbosa.<\/p>\n\n\n\n<p><\/p>\n\n\n\n<p><img src=\"https:\/\/central.to.gov.br\/image\/304696?w=670&amp;h=383\"><\/p>\n\n\n\n<p>Tocantins completa 34 anos de emancipa\u00e7\u00e3o pol\u00edtica nesta quarta-feira, 5 &#8211; Governo do Tocantins<\/p>\n","protected":false},"excerpt":{"rendered":"<p>Em comemora\u00e7\u00e3o aos 34 anos de emancipa\u00e7\u00e3o pol\u00edtica do Tocantins, celebrado nesta quarta-feira, 5, o governador reeleito Wanderlei Barbosa se pronunciou oficialmente. No discurso, o primeiro tocantinense, filho leg\u00edtimo da terra, eleito chefe do executivo no Estado, cita que o \u201cPlanejamento\u201d ser\u00e1 o ponto de partida para as pr\u00f3ximas a\u00e7\u00f5es do Governo. \u201cPrecisamos ir al\u00e9m, [&hellip;]<\/p>\n","protected":false},"author":2,"featured_media":12766,"comment_status":"open","ping_status":"open","sticky":false,"template":"","format":"standard","meta":[],"categories":[3],"tags":[13],"_links":{"self":[{"href":"https:\/\/dgospel.com.br\/portal\/index.php\/wp-json\/wp\/v2\/posts\/12765"}],"collection":[{"href":"https:\/\/dgospel.com.br\/portal\/index.php\/wp-json\/wp\/v2\/posts"}],"about":[{"href":"https:\/\/dgospel.com.br\/portal\/index.php\/wp-json\/wp\/v2\/types\/post"}],"author":[{"embeddable":true,"href":"https:\/\/dgospel.com.br\/portal\/index.php\/wp-json\/wp\/v2\/users\/2"}],"replies":[{"embeddable":true,"href":"https:\/\/dgospel.com.br\/portal\/index.php\/wp-json\/wp\/v2\/comments?post=12765"}],"version-history":[{"count":1,"href":"https:\/\/dgospel.com.br\/portal\/index.php\/wp-json\/wp\/v2\/posts\/12765\/revisions"}],"predecessor-version":[{"id":12767,"href":"https:\/\/dgospel.com.br\/portal\/index.php\/wp-json\/wp\/v2\/posts\/12765\/revisions\/12767"}],"wp:featuredmedia":[{"embeddable":true,"href":"https:\/\/dgospel.com.br\/portal\/index.php\/wp-json\/wp\/v2\/media\/12766"}],"wp:attachment":[{"href":"https:\/\/dgospel.com.br\/portal\/index.php\/wp-json\/wp\/v2\/media?parent=12765"}],"wp:term":[{"taxonomy":"category","embeddable":true,"href":"https:\/\/dgospel.com.br\/portal\/index.php\/wp-json\/wp\/v2\/categories?post=12765"},{"taxonomy":"post_tag","embeddable":true,"href":"https:\/\/dgospel.com.br\/portal\/index.php\/wp-json\/wp\/v2\/tags?post=12765"}],"curies":[{"name":"wp","href":"https:\/\/api.w.org\/{rel}","templated":true}]}}