{"id":12768,"date":"2022-10-06T15:27:39","date_gmt":"2022-10-06T18:27:39","guid":{"rendered":"http:\/\/dgospel.com.br\/portal\/?p=12768"},"modified":"2022-10-06T15:27:40","modified_gmt":"2022-10-06T18:27:40","slug":"deputado-federal-eleito-lazaro-botelho-declara-apoio-a-bolsonaro-nas-eleicoes-para-2o-turno","status":"publish","type":"post","link":"https:\/\/dgospel.com.br\/portal\/index.php\/2022\/10\/06\/deputado-federal-eleito-lazaro-botelho-declara-apoio-a-bolsonaro-nas-eleicoes-para-2o-turno\/","title":{"rendered":"Deputado federal eleito, L\u00e1zaro Botelho declara apoio a Bolsonaro nas elei\u00e7\u00f5es para 2\u00ba turno"},"content":{"rendered":"\n<p>O deputado federal L\u00e1zaro Botelho (Progressistas), eleito para o quinto mandato no pleito do \u00faltimo domingo (02), ir\u00e1 apoiar o presidente Jair Bolsonaro (PL) na corrida presidencial do segundo turno. A declara\u00e7\u00e3o foi dada por meio de suas redes sociais nesta quarta-feira (06), em v\u00eddeo postado ao lado do presidente do Sindicato Rural de Aragua\u00edna, Wagner Borges.<\/p>\n\n\n\n<p>A proximidade e amizade com o atual presidente \u00e9 antiga. Botelho e Bolsonaro exerceram juntos tr\u00eas mandatos na C\u00e2mara Federal pelo partido Progressistas entre 2006 a 2018 e, no parlamento, sempre defenderam pautas em prol do desenvolvimento socioecon\u00f4mico do Brasil e prote\u00e7\u00e3o da fam\u00edlia.<\/p>\n\n\n\n<p>\u201cN\u00f3s somos torcedores do Presidente Bolsonaro, por isso, pedimos o voto dos nossos amigos, nossos companheiros, que nos ajudaram nessa elei\u00e7\u00e3o para entrar nessa campanha em defesa do Brasil, em defesa da fam\u00edlia e da seriedade. Pedimos que se manifestem nas urnas, apoiando o grande presidente da Rep\u00fablica, Jair Bolsonaro, porque \u00e9 um homem s\u00e9rio, trabalhador e quer o bem do Brasil e do povo Brasileiro\u201d, declarou o deputado.<\/p>\n\n\n\n<p>O endosso de L\u00e1zaro \u00e0 reelei\u00e7\u00e3o de Bolsonaro acompanha a posi\u00e7\u00e3o nacional do Progressistas e de seu presidente licenciado e atual ministro-chefe da Casa Civil, Ciro Nogueira.<\/p>\n\n\n\n<p>Clique <a rel=\"noreferrer noopener\" target=\"_blank\" href=\"https:\/\/www.instagram.com\/reel\/CjX3ADpNqGe\/?igshid=YmMyMTA2M2Y=\">AQUI <\/a>para assistir ao v\u00eddeo ao v\u00eddeo.<\/p>\n","protected":false},"excerpt":{"rendered":"<p>O deputado federal L\u00e1zaro Botelho (Progressistas), eleito para o quinto mandato no pleito do \u00faltimo domingo (02), ir\u00e1 apoiar o presidente Jair Bolsonaro (PL) na corrida presidencial do segundo turno. A declara\u00e7\u00e3o foi dada por meio de suas redes sociais nesta quarta-feira (06), em v\u00eddeo postado ao lado do presidente do Sindicato Rural de Aragua\u00edna, [&hellip;]<\/p>\n","protected":false},"author":2,"featured_media":12769,"comment_status":"open","ping_status":"open","sticky":false,"template":"","format":"standard","meta":[],"categories":[4],"tags":[],"_links":{"self":[{"href":"https:\/\/dgospel.com.br\/portal\/index.php\/wp-json\/wp\/v2\/posts\/12768"}],"collection":[{"href":"https:\/\/dgospel.com.br\/portal\/index.php\/wp-json\/wp\/v2\/posts"}],"about":[{"href":"https:\/\/dgospel.com.br\/portal\/index.php\/wp-json\/wp\/v2\/types\/post"}],"author":[{"embeddable":true,"href":"https:\/\/dgospel.com.br\/portal\/index.php\/wp-json\/wp\/v2\/users\/2"}],"replies":[{"embeddable":true,"href":"https:\/\/dgospel.com.br\/portal\/index.php\/wp-json\/wp\/v2\/comments?post=12768"}],"version-history":[{"count":1,"href":"https:\/\/dgospel.com.br\/portal\/index.php\/wp-json\/wp\/v2\/posts\/12768\/revisions"}],"predecessor-version":[{"id":12770,"href":"https:\/\/dgospel.com.br\/portal\/index.php\/wp-json\/wp\/v2\/posts\/12768\/revisions\/12770"}],"wp:featuredmedia":[{"embeddable":true,"href":"https:\/\/dgospel.com.br\/portal\/index.php\/wp-json\/wp\/v2\/media\/12769"}],"wp:attachment":[{"href":"https:\/\/dgospel.com.br\/portal\/index.php\/wp-json\/wp\/v2\/media?parent=12768"}],"wp:term":[{"taxonomy":"category","embeddable":true,"href":"https:\/\/dgospel.com.br\/portal\/index.php\/wp-json\/wp\/v2\/categories?post=12768"},{"taxonomy":"post_tag","embeddable":true,"href":"https:\/\/dgospel.com.br\/portal\/index.php\/wp-json\/wp\/v2\/tags?post=12768"}],"curies":[{"name":"wp","href":"https:\/\/api.w.org\/{rel}","templated":true}]}}