{"id":12771,"date":"2022-10-06T16:08:04","date_gmt":"2022-10-06T19:08:04","guid":{"rendered":"http:\/\/dgospel.com.br\/portal\/?p=12771"},"modified":"2022-10-06T16:08:05","modified_gmt":"2022-10-06T19:08:05","slug":"ja-sao-11-os-governadores-que-apoiam-bolsonaro-no-2-turno","status":"publish","type":"post","link":"https:\/\/dgospel.com.br\/portal\/index.php\/2022\/10\/06\/ja-sao-11-os-governadores-que-apoiam-bolsonaro-no-2-turno\/","title":{"rendered":"J\u00e1 s\u00e3o 11 os governadores que apoiam Bolsonaro no 2\u00b0 turno"},"content":{"rendered":"\n<p>O n\u00famero de governadores que anunciaram oficialmente o apoio ao presidente&nbsp;<a href=\"http:\/\/pleno.news\/tag\/jair-bolsonaro\" target=\"_blank\" rel=\"noreferrer noopener\">Jair Bolsonaro<\/a>&nbsp;(PL) no segundo turno das elei\u00e7\u00f5es presidenciais chegou a 11 nesta quinta-feira (6). Durante a manh\u00e3, diversos gestores formalizaram a parceria, entre eles os governadores reeleitos de Goi\u00e1s,&nbsp;<a href=\"http:\/\/pleno.news\/tag\/ronaldo-caiado\" target=\"_blank\" rel=\"noreferrer noopener\">Ronaldo Caiado<\/a>&nbsp;(Uni\u00e3o Brasil); de Roraima, Antonio Denarium (PP); do Acre, Gladson Cameli (PP); e de Mato Grosso, Mauro Mendes (Uni\u00e3o Brasil).<\/p>\n\n\n\n<p>Al\u00e9m dos quatro, tamb\u00e9m formalizaram o apoio nesta quinta os governadores do Amazonas, Wilson Lima (Uni\u00e3o Brasil); e de Rond\u00f4nia, Marcos Rocha (Uni\u00e3o Brasil), que v\u00e3o disputar o segundo turno em seus estados.<\/p>\n\n\n\n<p>Outros cinco gestores j\u00e1 haviam anunciado os apoios anteriormente. Na quarta (5), Bolsonaro recebeu o apoio dos governadores do Distrito Federal, Ibaneis Rocha (MDB), e do Paran\u00e1, Ratinho J\u00fanior (PSD). Na ter\u00e7a (4), os governadores do Rio de Janeiro, Claudio Castro (PL), de Minas Gerais, Romeu Zema (Novo), e de S\u00e3o Paulo, Rodrigo Garcia (PSDB), tamb\u00e9m confirmaram apoio.<\/p>\n\n\n\n<p>Nesta quinta, o presidente tamb\u00e9m se reuniu no Pal\u00e1cio da Alvorada com representantes dos principais partidos que o apoiam, como Andr\u00e9 Fufuca (PP-MA) e Vinicius Carvalho (Republicanos-SP). Al\u00e9m disso, o presidente nacional do Republicanos, Marcos Pereira (SP), tamb\u00e9m compareceu. O presidente da Casa, Arthur Lira (PP-AL), foi outro que participou do encontro.<\/p>\n","protected":false},"excerpt":{"rendered":"<p>O n\u00famero de governadores que anunciaram oficialmente o apoio ao presidente&nbsp;Jair Bolsonaro&nbsp;(PL) no segundo turno das elei\u00e7\u00f5es presidenciais chegou a 11 nesta quinta-feira (6). Durante a manh\u00e3, diversos gestores formalizaram a parceria, entre eles os governadores reeleitos de Goi\u00e1s,&nbsp;Ronaldo Caiado&nbsp;(Uni\u00e3o Brasil); de Roraima, Antonio Denarium (PP); do Acre, Gladson Cameli (PP); e de Mato Grosso, [&hellip;]<\/p>\n","protected":false},"author":2,"featured_media":12772,"comment_status":"open","ping_status":"open","sticky":false,"template":"","format":"standard","meta":[],"categories":[4],"tags":[],"_links":{"self":[{"href":"https:\/\/dgospel.com.br\/portal\/index.php\/wp-json\/wp\/v2\/posts\/12771"}],"collection":[{"href":"https:\/\/dgospel.com.br\/portal\/index.php\/wp-json\/wp\/v2\/posts"}],"about":[{"href":"https:\/\/dgospel.com.br\/portal\/index.php\/wp-json\/wp\/v2\/types\/post"}],"author":[{"embeddable":true,"href":"https:\/\/dgospel.com.br\/portal\/index.php\/wp-json\/wp\/v2\/users\/2"}],"replies":[{"embeddable":true,"href":"https:\/\/dgospel.com.br\/portal\/index.php\/wp-json\/wp\/v2\/comments?post=12771"}],"version-history":[{"count":1,"href":"https:\/\/dgospel.com.br\/portal\/index.php\/wp-json\/wp\/v2\/posts\/12771\/revisions"}],"predecessor-version":[{"id":12773,"href":"https:\/\/dgospel.com.br\/portal\/index.php\/wp-json\/wp\/v2\/posts\/12771\/revisions\/12773"}],"wp:featuredmedia":[{"embeddable":true,"href":"https:\/\/dgospel.com.br\/portal\/index.php\/wp-json\/wp\/v2\/media\/12772"}],"wp:attachment":[{"href":"https:\/\/dgospel.com.br\/portal\/index.php\/wp-json\/wp\/v2\/media?parent=12771"}],"wp:term":[{"taxonomy":"category","embeddable":true,"href":"https:\/\/dgospel.com.br\/portal\/index.php\/wp-json\/wp\/v2\/categories?post=12771"},{"taxonomy":"post_tag","embeddable":true,"href":"https:\/\/dgospel.com.br\/portal\/index.php\/wp-json\/wp\/v2\/tags?post=12771"}],"curies":[{"name":"wp","href":"https:\/\/api.w.org\/{rel}","templated":true}]}}