{"id":12774,"date":"2022-10-06T16:11:37","date_gmt":"2022-10-06T19:11:37","guid":{"rendered":"http:\/\/dgospel.com.br\/portal\/?p=12774"},"modified":"2022-10-06T16:11:39","modified_gmt":"2022-10-06T19:11:39","slug":"damares-e-zambelli-criam-grupo-de-mulheres-pro-bolsonaro","status":"publish","type":"post","link":"https:\/\/dgospel.com.br\/portal\/index.php\/2022\/10\/06\/damares-e-zambelli-criam-grupo-de-mulheres-pro-bolsonaro\/","title":{"rendered":"Damares e Zambelli criam grupo de mulheres pr\u00f3-Bolsonaro"},"content":{"rendered":"\n<p>Deputadas e senadoras que apoiam o presidente Jair Bolsonaro (PL) montaram, nesta quinta-feira (6), um \u201ccomit\u00ea de mulheres\u201d para impulsionar a candidatura \u00e0 reelei\u00e7\u00e3o do chefe do Executivo. O objetivo das parlamentares \u00e9 conquistar votos em seus estados a favor de Bolsonaro. Uma das l\u00edderes do grupo \u00e9 a senadora eleita Damares Alves (Republicanos-DF), pastora e ex-ministra da Mulher, Fam\u00edlia e Direitos Humanos.<\/p>\n\n\n\n<p>As parlamentares se reuniram com Bolsonaro e a primeira-dama Michelle nesta quinta, no Pal\u00e1cio da Alvorada.<\/p>\n\n\n\n<p>\u2013 Esse \u00e9 o presidente que levou \u00e1gua para as mulheres ribeirinhas, para o Nordeste, que dobrou o Bolsa Fam\u00edlia, que perdoou o Prouni impag\u00e1vel. Como ele n\u00e3o cuida de mulheres pobres, perif\u00e9ricas, negras? \u00c9 por esse presidente que n\u00f3s vamos lutar todas unidas, o senhor pode ter certeza que n\u00f3s faremos a diferen\u00e7a. Cada uma delas aqui ser\u00e1 coordenadora do seu estado \u2013 disse a deputada Celina Le\u00e3o (PP), que foi eleita vice-governadora do DF na chapa de Ibaneis Rocha (MDB).<\/p>\n\n\n\n<p>O grupo tamb\u00e9m conta com as deputadas Carla Zambelli (PL-SP) e Bia Kicis (PL-DF), que se reelegeram, e a senadora eleita Tereza Cristina (PP-MS), ex-ministra da Agricultura, al\u00e9m de outras parlamentares bolsonaristas. A primeira-dama elogiou o \u201ccomit\u00ea de mulheres\u201d.<\/p>\n\n\n\n<p>\u2013 Com certeza ser\u00e1 um grande jardim florido, presidente, que ir\u00e1 exalar um bom perfume no seu trabalho pelas cinco regi\u00f5es do nosso Brasil. Contem com o meu apoio, estarei aqui com voc\u00eas lutando. N\u00f3s, como mulheres, temos esse dever \u2013 afirmou.<\/p>\n\n\n\n<p>*AE<\/p>\n","protected":false},"excerpt":{"rendered":"<p>Deputadas e senadoras que apoiam o presidente Jair Bolsonaro (PL) montaram, nesta quinta-feira (6), um \u201ccomit\u00ea de mulheres\u201d para impulsionar a candidatura \u00e0 reelei\u00e7\u00e3o do chefe do Executivo. O objetivo das parlamentares \u00e9 conquistar votos em seus estados a favor de Bolsonaro. Uma das l\u00edderes do grupo \u00e9 a senadora eleita Damares Alves (Republicanos-DF), pastora [&hellip;]<\/p>\n","protected":false},"author":2,"featured_media":12775,"comment_status":"open","ping_status":"open","sticky":false,"template":"","format":"standard","meta":[],"categories":[4],"tags":[],"_links":{"self":[{"href":"https:\/\/dgospel.com.br\/portal\/index.php\/wp-json\/wp\/v2\/posts\/12774"}],"collection":[{"href":"https:\/\/dgospel.com.br\/portal\/index.php\/wp-json\/wp\/v2\/posts"}],"about":[{"href":"https:\/\/dgospel.com.br\/portal\/index.php\/wp-json\/wp\/v2\/types\/post"}],"author":[{"embeddable":true,"href":"https:\/\/dgospel.com.br\/portal\/index.php\/wp-json\/wp\/v2\/users\/2"}],"replies":[{"embeddable":true,"href":"https:\/\/dgospel.com.br\/portal\/index.php\/wp-json\/wp\/v2\/comments?post=12774"}],"version-history":[{"count":1,"href":"https:\/\/dgospel.com.br\/portal\/index.php\/wp-json\/wp\/v2\/posts\/12774\/revisions"}],"predecessor-version":[{"id":12776,"href":"https:\/\/dgospel.com.br\/portal\/index.php\/wp-json\/wp\/v2\/posts\/12774\/revisions\/12776"}],"wp:featuredmedia":[{"embeddable":true,"href":"https:\/\/dgospel.com.br\/portal\/index.php\/wp-json\/wp\/v2\/media\/12775"}],"wp:attachment":[{"href":"https:\/\/dgospel.com.br\/portal\/index.php\/wp-json\/wp\/v2\/media?parent=12774"}],"wp:term":[{"taxonomy":"category","embeddable":true,"href":"https:\/\/dgospel.com.br\/portal\/index.php\/wp-json\/wp\/v2\/categories?post=12774"},{"taxonomy":"post_tag","embeddable":true,"href":"https:\/\/dgospel.com.br\/portal\/index.php\/wp-json\/wp\/v2\/tags?post=12774"}],"curies":[{"name":"wp","href":"https:\/\/api.w.org\/{rel}","templated":true}]}}