{"id":12777,"date":"2022-10-06T16:18:05","date_gmt":"2022-10-06T19:18:05","guid":{"rendered":"http:\/\/dgospel.com.br\/portal\/?p=12777"},"modified":"2022-10-06T16:18:06","modified_gmt":"2022-10-06T19:18:06","slug":"em-culto-na-ad-belem-bolsonaro-recebe-profecia-e-se-emociona-com-palavra-de-michelle","status":"publish","type":"post","link":"https:\/\/dgospel.com.br\/portal\/index.php\/2022\/10\/06\/em-culto-na-ad-belem-bolsonaro-recebe-profecia-e-se-emociona-com-palavra-de-michelle\/","title":{"rendered":"Em culto na AD Bel\u00e9m, Bolsonaro recebe profecia e se emociona com palavra de Michelle"},"content":{"rendered":"\n<p>O presidente Jair Bolsonaro compareceu a um culto na sede da Assembleia de Deus Minist\u00e9rio do Bel\u00e9m, em S\u00e3o Paulo, na noite da \u00faltima ter\u00e7a-feira, 04 de outubro, e recebeu uma palavra prof\u00e9tica de uma fiel que participava da celebra\u00e7\u00e3o.<\/p>\n\n\n\n<p>O culto em quest\u00e3o era a abertura da 45\u00aa Assembleia Geral Ordin\u00e1ria da Conven\u00e7\u00e3o Fraternal das Assembleias de Deus no Estado de S\u00e3o Paulo (<a href=\"https:\/\/noticias.gospelmais.com.br\/tag\/confradesp\"><strong>Confradesp<\/strong><\/a>). Bolsonaro foi recebido pelo pastor Jos\u00e9 Wellington Bezerra da Costa, presidente do Minist\u00e9rio do Bel\u00e9m, e por seu filho Wellington Junior, que preside a CGADB, al\u00e9m de outros l\u00edderes.<\/p>\n\n\n\n<p>No momento que recebeu a palavra, o presidente ouviu de uma fiel que estava no templo, uma profecia. O&nbsp;<a href=\"https:\/\/www.instagram.com\/reel\/CjTt4BkNE3s\/?igshid=YmMyMTA2M2Y%3D\" target=\"_blank\" rel=\"noreferrer noopener\">v\u00eddeo<\/a>&nbsp;que circula nas redes sociais capta o som distante, e \u00e9 poss\u00edvel notar que a primeira-dama Michelle Bolsonaro acompanha atenta as palavras.<\/p>\n\n\n\n<p>Em meio ao ru\u00eddo, \u00e9 poss\u00edvel distinguir a seguinte frase: \u201cEis que te guardarei. Te neutralizei diante dos teus advers\u00e1rios, e te exaltarei muit\u00edssimo nesta terra\u201d. O presidente, visivelmente emocionado, discursa em seguida, afirmando que sua chegada \u00e0 presid\u00eancia da Rep\u00fablica ainda \u00e9 \u201cum grande mist\u00e9rio.<\/p>\n\n\n\n<p>Logo depois, a primeira-dama d\u00e1 uma breve palavra, dizendo que os evang\u00e9licos est\u00e3o no meio de uma batalha espiritual: \u201cN\u00f3s temos que nos posicionar, n\u00e3o dar legalidade para satan\u00e1s agir em nosso meio. Que Deus aben\u00e7oe a vida de cada um de voc\u00eas!\u201d.<\/p>\n\n\n\n<p>Michelle Bolsonaro tamb\u00e9m pontua que a mobiliza\u00e7\u00e3o de milh\u00f5es de evang\u00e9licos em jejum e ora\u00e7\u00e3o \u00e9 uma demonstra\u00e7\u00e3o de que o Corpo de Cristo est\u00e1 ciente do papel na situa\u00e7\u00e3o que o pa\u00eds atravessa:<\/p>\n\n\n\n<p>\u201cObrigada pelas ora\u00e7\u00f5es, obrigada pelo sacrif\u00edcio de cada um dos senhores, que eu sei que t\u00eam sa\u00eddo das suas camas \u00e0s 03h00 da manh\u00e3 para poder orar, e deixado de se alimentar. Mas n\u00f3s venceremos. Venceremos porque a Igreja se posicionou. Venceremos porque a Igreja est\u00e1 acordando e contra ela ningu\u00e9m vai prevalecer. Am\u00e9m? Obrigada pelo carinho de todos voc\u00eas, que Deus os aben\u00e7oe, que Deus aben\u00e7oe S\u00e3o Paulo, que Deus aben\u00e7oe nosso amado Brasil. Que Deus aben\u00e7oe Israel\u201d, finalizou a primeira-dama.<\/p>\n\n\n\n<p>Bolsonaro, que tamb\u00e9m estava acompanhado do pastor Otoni de Paula (MDB-RJ), deputado federal reeleito, enxugou uma l\u00e1grima enquanto ouvia a esposa falar aos irm\u00e3os de f\u00e9 na Assembleia de Deus Minist\u00e9rio do Bel\u00e9m.<\/p>\n","protected":false},"excerpt":{"rendered":"<p>O presidente Jair Bolsonaro compareceu a um culto na sede da Assembleia de Deus Minist\u00e9rio do Bel\u00e9m, em S\u00e3o Paulo, na noite da \u00faltima ter\u00e7a-feira, 04 de outubro, e recebeu uma palavra prof\u00e9tica de uma fiel que participava da celebra\u00e7\u00e3o. O culto em quest\u00e3o era a abertura da 45\u00aa Assembleia Geral Ordin\u00e1ria da Conven\u00e7\u00e3o Fraternal [&hellip;]<\/p>\n","protected":false},"author":2,"featured_media":12778,"comment_status":"open","ping_status":"open","sticky":false,"template":"","format":"standard","meta":[],"categories":[5],"tags":[13],"_links":{"self":[{"href":"https:\/\/dgospel.com.br\/portal\/index.php\/wp-json\/wp\/v2\/posts\/12777"}],"collection":[{"href":"https:\/\/dgospel.com.br\/portal\/index.php\/wp-json\/wp\/v2\/posts"}],"about":[{"href":"https:\/\/dgospel.com.br\/portal\/index.php\/wp-json\/wp\/v2\/types\/post"}],"author":[{"embeddable":true,"href":"https:\/\/dgospel.com.br\/portal\/index.php\/wp-json\/wp\/v2\/users\/2"}],"replies":[{"embeddable":true,"href":"https:\/\/dgospel.com.br\/portal\/index.php\/wp-json\/wp\/v2\/comments?post=12777"}],"version-history":[{"count":1,"href":"https:\/\/dgospel.com.br\/portal\/index.php\/wp-json\/wp\/v2\/posts\/12777\/revisions"}],"predecessor-version":[{"id":12779,"href":"https:\/\/dgospel.com.br\/portal\/index.php\/wp-json\/wp\/v2\/posts\/12777\/revisions\/12779"}],"wp:featuredmedia":[{"embeddable":true,"href":"https:\/\/dgospel.com.br\/portal\/index.php\/wp-json\/wp\/v2\/media\/12778"}],"wp:attachment":[{"href":"https:\/\/dgospel.com.br\/portal\/index.php\/wp-json\/wp\/v2\/media?parent=12777"}],"wp:term":[{"taxonomy":"category","embeddable":true,"href":"https:\/\/dgospel.com.br\/portal\/index.php\/wp-json\/wp\/v2\/categories?post=12777"},{"taxonomy":"post_tag","embeddable":true,"href":"https:\/\/dgospel.com.br\/portal\/index.php\/wp-json\/wp\/v2\/tags?post=12777"}],"curies":[{"name":"wp","href":"https:\/\/api.w.org\/{rel}","templated":true}]}}