{"id":1278,"date":"2018-09-11T09:33:56","date_gmt":"2018-09-11T12:33:56","guid":{"rendered":"http:\/\/dgospel.com.br\/portal\/?p=1278"},"modified":"2018-09-11T09:33:56","modified_gmt":"2018-09-11T12:33:56","slug":"em-reuniao-com-pastores-amastha-defende-parceria-do-estado-com-instituicoes-que-desenvolvam-projetos-sociais","status":"publish","type":"post","link":"https:\/\/dgospel.com.br\/portal\/index.php\/2018\/09\/11\/em-reuniao-com-pastores-amastha-defende-parceria-do-estado-com-instituicoes-que-desenvolvam-projetos-sociais\/","title":{"rendered":"Em reuni\u00e3o com pastores, Amastha defende parceria do Estado com institui\u00e7\u00f5es que desenvolvam projetos sociais"},"content":{"rendered":"<p><strong>\u201cO jovem que est\u00e1 no trabalho, no esporte e na igreja n\u00e3o est\u00e1 nas drogas\u201d,\u00a0 lembrou o candidato a governador pelo PSB, que reafirmou o compromisso de estender o Capital da F\u00e9 para o Tocantins<\/strong><\/p>\n<p>&nbsp;<\/p>\n<p class=\"yiv8558489148MsoNormal\">Candidato a governador do Tocantins, Carlos Amastha (PSB) defendeu, em reuni\u00e3o com pastores, realizada na manh\u00e3 desta segunda-feira, 10, em Palmas, a realiza\u00e7\u00e3o de conv\u00eanios e parcerias entre o Governo do Estado e institui\u00e7\u00f5es (civis e religiosas) que desenvolvam projetos sociais voltados para os jovens e pessoas vulner\u00e1veis.<\/p>\n<p class=\"yiv8558489148MsoNormal\">Amastha ressaltou que o Estado deve fazer parcerias que aliviam a press\u00e3o da gest\u00e3o p\u00fablica. \u201cTemos que viabilizar recursos para executar esses projetos. Em 2019, vamos criar um fundo, um conselho da sociedade civil organizada e uma auditoria externa para isso. Todos que trabalham em prol da sociedade t\u00eam que ter o respeito garantido, afirmou.<\/p>\n<p class=\"yiv8558489148MsoNormal\">\u201cN\u00e3o \u00e9 s\u00f3 sobre religi\u00e3o. Igreja tamb\u00e9m \u00e9 sobre pol\u00edticas p\u00fablicas preventivas. O jovem que est\u00e1 no trabalho, no esporte e na igreja n\u00e3o est\u00e1 nas drogas,\u201d lembrou.<\/p>\n<p class=\"yiv8558489148MsoNormal\">\n<p class=\"yiv8558489148MsoNormal\">*Capital da F\u00e9*<\/p>\n<p class=\"yiv8558489148MsoNormal\">\n<p class=\"yiv8558489148MsoNormal\">Amastha reafirmou o compromisso que havia feito ainda na elei\u00e7\u00e3o suplementar sobre expandir o festival de m\u00fasica gospel Capital da F\u00e9 para todo o Tocantins, realizando edi\u00e7\u00f5es regionais do evento. \u201cO Capital da F\u00e9 fez Palmas ser reconhecida em todo o Brasil. Atra\u00edmos turistas, os hot\u00e9is ficam lotados, aquece a economia e n\u00e3o temos nenhuma ocorr\u00eancia no per\u00edodo do evento.\u201d<\/p>\n<p class=\"yiv8558489148MsoNormal\">Suimar Caetano, pastor da igreja Assembleia de Deus Miss\u00e3o, avaliou o legado que Amastha deixou em Palmas e as propostas que ele fez durante a reuni\u00e3o. \u201cTenho certeza que o plano de governo do Amastha \u00e9 o melhor que n\u00f3s temos. Ele j\u00e1 tem um trabalho comprovado em Palmas e agora \u00e9 a vez do Tocantins. N\u00e3o vai ser s\u00f3 para os evang\u00e9licos, ele governa para o povo.\u201d<\/p>\n","protected":false},"excerpt":{"rendered":"<p>\u201cO jovem que est\u00e1 no trabalho, no esporte e na igreja n\u00e3o est\u00e1 nas drogas\u201d,\u00a0 lembrou o candidato a governador pelo PSB, que reafirmou o compromisso de estender o Capital da F\u00e9 para o Tocantins &nbsp; Candidato a governador do Tocantins, Carlos Amastha (PSB) defendeu, em reuni\u00e3o com pastores, realizada na manh\u00e3 desta segunda-feira, 10, [&hellip;]<\/p>\n","protected":false},"author":2,"featured_media":1279,"comment_status":"open","ping_status":"open","sticky":false,"template":"","format":"standard","meta":[],"categories":[2,4],"tags":[],"_links":{"self":[{"href":"https:\/\/dgospel.com.br\/portal\/index.php\/wp-json\/wp\/v2\/posts\/1278"}],"collection":[{"href":"https:\/\/dgospel.com.br\/portal\/index.php\/wp-json\/wp\/v2\/posts"}],"about":[{"href":"https:\/\/dgospel.com.br\/portal\/index.php\/wp-json\/wp\/v2\/types\/post"}],"author":[{"embeddable":true,"href":"https:\/\/dgospel.com.br\/portal\/index.php\/wp-json\/wp\/v2\/users\/2"}],"replies":[{"embeddable":true,"href":"https:\/\/dgospel.com.br\/portal\/index.php\/wp-json\/wp\/v2\/comments?post=1278"}],"version-history":[{"count":1,"href":"https:\/\/dgospel.com.br\/portal\/index.php\/wp-json\/wp\/v2\/posts\/1278\/revisions"}],"predecessor-version":[{"id":1280,"href":"https:\/\/dgospel.com.br\/portal\/index.php\/wp-json\/wp\/v2\/posts\/1278\/revisions\/1280"}],"wp:featuredmedia":[{"embeddable":true,"href":"https:\/\/dgospel.com.br\/portal\/index.php\/wp-json\/wp\/v2\/media\/1279"}],"wp:attachment":[{"href":"https:\/\/dgospel.com.br\/portal\/index.php\/wp-json\/wp\/v2\/media?parent=1278"}],"wp:term":[{"taxonomy":"category","embeddable":true,"href":"https:\/\/dgospel.com.br\/portal\/index.php\/wp-json\/wp\/v2\/categories?post=1278"},{"taxonomy":"post_tag","embeddable":true,"href":"https:\/\/dgospel.com.br\/portal\/index.php\/wp-json\/wp\/v2\/tags?post=1278"}],"curies":[{"name":"wp","href":"https:\/\/api.w.org\/{rel}","templated":true}]}}