{"id":12783,"date":"2022-10-06T17:12:44","date_gmt":"2022-10-06T20:12:44","guid":{"rendered":"http:\/\/dgospel.com.br\/portal\/?p=12783"},"modified":"2022-10-06T17:12:45","modified_gmt":"2022-10-06T20:12:45","slug":"ja-sao-11-os-governadores-que-apoiam-bolsonaro-no-2-turno-wanderlei-barbosa-ainda-nao-se-manifestou","status":"publish","type":"post","link":"https:\/\/dgospel.com.br\/portal\/index.php\/2022\/10\/06\/ja-sao-11-os-governadores-que-apoiam-bolsonaro-no-2-turno-wanderlei-barbosa-ainda-nao-se-manifestou\/","title":{"rendered":"J\u00e1 s\u00e3o 11 os governadores que apoiam Bolsonaro no 2\u00b0 turno, Wanderlei Barbosa ainda n\u00e3o se manifestou"},"content":{"rendered":"\n<p>O n\u00famero de governadores que anunciaram oficialmente o apoio ao presidente&nbsp;Jair Bolsonaro&nbsp;(PL) no segundo turno das elei\u00e7\u00f5es presidenciais chegou a 11.<\/p>\n\n\n\n<p>&nbsp;Entre os nomes que se posicionaram ao lado do atual chefe do Executivo est\u00e3o os governadores de Goi\u00e1s,&nbsp;Ronaldo Caiado &nbsp;(Uni\u00e3o Brasil); de Roraima, Antonio Denarium (PP); do Acre, Gladson Cameli (PP); e de Mato Grosso, Mauro Mendes (Uni\u00e3o Brasil), do Amazonas, Wilson Lima (Uni\u00e3o Brasil); de Rond\u00f4nia, Marcos Rocha (Uni\u00e3o Brasil); do Distrito Federal, Ibaneis Rocha (MDB); do Paran\u00e1, Ratinho J\u00fanior (PSD); do Rio de Janeiro, Claudio Castro (PL), de Minas Gerais, Romeu Zema (Novo); de S\u00e3o Paulo, Rodrigo Garcia (PSDB), tamb\u00e9m confirmaram apoio.<\/p>\n\n\n\n<p>Dos governadores eleitos e reeleitos no primeiro turno, de partidos da base do presidente&nbsp;Jair Bolsonaro, o \u00fanico que ainda n\u00e3o declarou apoio \u00e0 reelei\u00e7\u00e3o do presidente, foi o governador do Tocantins Wanderlei Barbosa.<\/p>\n\n\n\n<p>Wanderlei Barbosa, que \u00e9 filiado ao Republicanos, mesmo partido do candidato ao governo de&nbsp;S\u00e3o Paulo,&nbsp;Tarc\u00edsio de Freitas, &nbsp;recebeu importantes apoios de l\u00edderes conservadores que cobram uma posi\u00e7\u00e3o do governador Wanderlei, em rela\u00e7\u00e3o a apoio \u00e0 reelei\u00e7\u00e3o do presidente Jair Bolsonaro no segundo turno.<\/p>\n\n\n\n<p>O presidente Jair Bolsonaro, enviou um v\u00eddeo a Wanderlei pedindo ao governador para ir a Bras\u00edlia conversar para um suposto apoio no segundo turno. \u201cQueria convid\u00e1-lo para conversar conosco em Bras\u00edlia e, quem sabe, tu venha me apoiar na quest\u00e3o da reelei\u00e7\u00e3o. O meu compromisso \u00e9 fazer o melhor pelo Brasil. E saiba que o agro mora no nosso cora\u00e7\u00e3o\u201d, disse o mandat\u00e1rio que busca a reelei\u00e7\u00e3o.<\/p>\n\n\n\n<p>A senadora eleita, Dorinha estava entre os candidatos eleitos no domingo que viajaram a Bras\u00edlia para anunciar apoio \u00e0 reelei\u00e7\u00e3o de Bolsonaro.<\/p>\n","protected":false},"excerpt":{"rendered":"<p>O n\u00famero de governadores que anunciaram oficialmente o apoio ao presidente&nbsp;Jair Bolsonaro&nbsp;(PL) no segundo turno das elei\u00e7\u00f5es presidenciais chegou a 11. &nbsp;Entre os nomes que se posicionaram ao lado do atual chefe do Executivo est\u00e3o os governadores de Goi\u00e1s,&nbsp;Ronaldo Caiado &nbsp;(Uni\u00e3o Brasil); de Roraima, Antonio Denarium (PP); do Acre, Gladson Cameli (PP); e de Mato [&hellip;]<\/p>\n","protected":false},"author":2,"featured_media":12781,"comment_status":"open","ping_status":"open","sticky":false,"template":"","format":"standard","meta":[],"categories":[4],"tags":[13],"_links":{"self":[{"href":"https:\/\/dgospel.com.br\/portal\/index.php\/wp-json\/wp\/v2\/posts\/12783"}],"collection":[{"href":"https:\/\/dgospel.com.br\/portal\/index.php\/wp-json\/wp\/v2\/posts"}],"about":[{"href":"https:\/\/dgospel.com.br\/portal\/index.php\/wp-json\/wp\/v2\/types\/post"}],"author":[{"embeddable":true,"href":"https:\/\/dgospel.com.br\/portal\/index.php\/wp-json\/wp\/v2\/users\/2"}],"replies":[{"embeddable":true,"href":"https:\/\/dgospel.com.br\/portal\/index.php\/wp-json\/wp\/v2\/comments?post=12783"}],"version-history":[{"count":1,"href":"https:\/\/dgospel.com.br\/portal\/index.php\/wp-json\/wp\/v2\/posts\/12783\/revisions"}],"predecessor-version":[{"id":12784,"href":"https:\/\/dgospel.com.br\/portal\/index.php\/wp-json\/wp\/v2\/posts\/12783\/revisions\/12784"}],"wp:featuredmedia":[{"embeddable":true,"href":"https:\/\/dgospel.com.br\/portal\/index.php\/wp-json\/wp\/v2\/media\/12781"}],"wp:attachment":[{"href":"https:\/\/dgospel.com.br\/portal\/index.php\/wp-json\/wp\/v2\/media?parent=12783"}],"wp:term":[{"taxonomy":"category","embeddable":true,"href":"https:\/\/dgospel.com.br\/portal\/index.php\/wp-json\/wp\/v2\/categories?post=12783"},{"taxonomy":"post_tag","embeddable":true,"href":"https:\/\/dgospel.com.br\/portal\/index.php\/wp-json\/wp\/v2\/tags?post=12783"}],"curies":[{"name":"wp","href":"https:\/\/api.w.org\/{rel}","templated":true}]}}