{"id":12785,"date":"2022-10-06T18:25:35","date_gmt":"2022-10-06T21:25:35","guid":{"rendered":"http:\/\/dgospel.com.br\/portal\/?p=12785"},"modified":"2022-10-06T18:25:36","modified_gmt":"2022-10-06T21:25:36","slug":"zema-reune-600-prefeitos-de-mg-para-campanha-de-bolsonaro","status":"publish","type":"post","link":"https:\/\/dgospel.com.br\/portal\/index.php\/2022\/10\/06\/zema-reune-600-prefeitos-de-mg-para-campanha-de-bolsonaro\/","title":{"rendered":"Zema re\u00fane 600 prefeitos de MG para campanha de Bolsonaro"},"content":{"rendered":"\n<p>O governador reeleito de Minas Gerais, Romeu Zema (Novo), que j\u00e1 declarou publicamente seu apoio \u00e0 reelei\u00e7\u00e3o de Jair Bolsonaro (PL), est\u00e1 montando uma for\u00e7a tarefa de prefeitos para ajudar na campanha eleitoral do presidente. At\u00e9 o momento, 600 prefeitos aceitaram o convite do governador, dentre um total de 853 munic\u00edpios no estado.<\/p>\n\n\n\n<p>\u2013 Os prefeitos, de forma individual, v\u00e3o apresentar apoio irrestrito ao governador em rela\u00e7\u00e3o \u00e0s pol\u00edticas que o Zema adotar. Eu sou um deles. Acho que o estado vive uma recupera\u00e7\u00e3o dos estragos feitos pelo governo do Fernando Pimentel (PT), de 2015 a 2018, e n\u00e3o podemos perder o risco de perder tudo isso \u2013 disse ao jornal Valor Ec\u00f4nomico o prefeito de Coronel Fabriciano Marcos Vinicius Bizarro (PSDB), que tamb\u00e9m \u00e9 presidente da Associa\u00e7\u00e3o Mineira de Munic\u00edpios (AMM).<\/p>\n\n\n\n<p>De acordo com Bizarro, os prefeitos do estado mineiro possuem credibilidade com a popula\u00e7\u00e3o gra\u00e7as a Zema.<\/p>\n\n\n\n<p>\u2013 Hoje os prefeitos gozam de credibilidade que foi dada pelo governador quando passou a pagar em dia. Temos credibilidade com a popula\u00e7\u00e3o \u2013 afirmou.<\/p>\n\n\n\n<p>No Norte de Minas, onde Lula levou a melhor, h\u00e1 a expectativa de que haja uma virada para Bolsonaro. Isso \u00e9 que diz o prefeito do munic\u00edpio de Patis Valmir Morais (Avante), presidente do Cons\u00f3rcio Intermunicipal Multifinalit\u00e1rio da \u00c1rea Mineira da Sudene (Cimams).<\/p>\n\n\n\n<p>\u2013 Acho que n\u00f3s vamos virar a elei\u00e7\u00e3o. Os prefeitos da regi\u00e3o, agora, v\u00e3o se empenhar (na campanha de Bolsonaro), como eu vou me empenhar [\u2026] Acho que os prefeitos n\u00e3o podem reclamar da falta de dinheiro por parte do governo federal \u2013 declarou ao jornal Estado de Minas.<\/p>\n\n\n\n<p>Morais admitiu que ele mesmo n\u00e3o se empenhou na campanha de Bolsonaro no primeiro turno.<\/p>\n\n\n\n<p>\u2013 Todo mundo na cidade sabia que eu apoiava Bolsonaro, mas eu n\u00e3o me empenhei na campanha dele. Me dediquei no trabalho para meus candidatos a deputado \u2013 afirmou.<\/p>\n\n\n\n<p>Bolsonaro encontra-se em Belo Horizonte nesta quinta-feira (6) para encontrar lideran\u00e7as pol\u00edticas e pretende retornar no dia 12 de outubro.<\/p>\n","protected":false},"excerpt":{"rendered":"<p>O governador reeleito de Minas Gerais, Romeu Zema (Novo), que j\u00e1 declarou publicamente seu apoio \u00e0 reelei\u00e7\u00e3o de Jair Bolsonaro (PL), est\u00e1 montando uma for\u00e7a tarefa de prefeitos para ajudar na campanha eleitoral do presidente. At\u00e9 o momento, 600 prefeitos aceitaram o convite do governador, dentre um total de 853 munic\u00edpios no estado. \u2013 Os [&hellip;]<\/p>\n","protected":false},"author":2,"featured_media":12786,"comment_status":"open","ping_status":"open","sticky":false,"template":"","format":"standard","meta":[],"categories":[4],"tags":[],"_links":{"self":[{"href":"https:\/\/dgospel.com.br\/portal\/index.php\/wp-json\/wp\/v2\/posts\/12785"}],"collection":[{"href":"https:\/\/dgospel.com.br\/portal\/index.php\/wp-json\/wp\/v2\/posts"}],"about":[{"href":"https:\/\/dgospel.com.br\/portal\/index.php\/wp-json\/wp\/v2\/types\/post"}],"author":[{"embeddable":true,"href":"https:\/\/dgospel.com.br\/portal\/index.php\/wp-json\/wp\/v2\/users\/2"}],"replies":[{"embeddable":true,"href":"https:\/\/dgospel.com.br\/portal\/index.php\/wp-json\/wp\/v2\/comments?post=12785"}],"version-history":[{"count":1,"href":"https:\/\/dgospel.com.br\/portal\/index.php\/wp-json\/wp\/v2\/posts\/12785\/revisions"}],"predecessor-version":[{"id":12787,"href":"https:\/\/dgospel.com.br\/portal\/index.php\/wp-json\/wp\/v2\/posts\/12785\/revisions\/12787"}],"wp:featuredmedia":[{"embeddable":true,"href":"https:\/\/dgospel.com.br\/portal\/index.php\/wp-json\/wp\/v2\/media\/12786"}],"wp:attachment":[{"href":"https:\/\/dgospel.com.br\/portal\/index.php\/wp-json\/wp\/v2\/media?parent=12785"}],"wp:term":[{"taxonomy":"category","embeddable":true,"href":"https:\/\/dgospel.com.br\/portal\/index.php\/wp-json\/wp\/v2\/categories?post=12785"},{"taxonomy":"post_tag","embeddable":true,"href":"https:\/\/dgospel.com.br\/portal\/index.php\/wp-json\/wp\/v2\/tags?post=12785"}],"curies":[{"name":"wp","href":"https:\/\/api.w.org\/{rel}","templated":true}]}}