{"id":12788,"date":"2022-10-06T18:27:23","date_gmt":"2022-10-06T21:27:23","guid":{"rendered":"http:\/\/dgospel.com.br\/portal\/?p=12788"},"modified":"2022-10-06T18:27:23","modified_gmt":"2022-10-06T21:27:23","slug":"lira-congresso-foi-eleito-para-continuidade-de-bolsonaro","status":"publish","type":"post","link":"https:\/\/dgospel.com.br\/portal\/index.php\/2022\/10\/06\/lira-congresso-foi-eleito-para-continuidade-de-bolsonaro\/","title":{"rendered":"Lira: \u201cCongresso foi eleito para continuidade de Bolsonaro\u201d"},"content":{"rendered":"\n<p>Aliado de Jair Bolsonaro (PL), o presidente da C\u00e2mara Arthur Lira (PP-AL) disse, nesta quinta-feira (6), que a popula\u00e7\u00e3o elegeu o Congresso para a continuidade do atual governo. Em ato de campanha no Pal\u00e1cio da Alvorada, o deputado, que foi o mais votado de Alagoas nesta elei\u00e7\u00e3o, afirmou que o Parlamento brasileiro \u00e9 de centro-direita, reformador e conservador.<\/p>\n\n\n\n<p>Os brasileiros, na vis\u00e3o dele, \u201cdeixaram uma mensagem muito forte\u201d nas urnas no primeiro turno.<\/p>\n\n\n\n<p>\u2013 Eu queria parabenizar o povo brasileiro no exerc\u00edcio da democracia no \u00faltimo dia 2. As escolhas que o Brasil fez deixaram uma mensagem muito forte para todos os brasileiros. A tend\u00eancia do encaminhamento que a popula\u00e7\u00e3o quer para os pr\u00f3ximos quatro anos \u2013 disse Lira.<\/p>\n\n\n\n<p>\u2013 Um Congresso de centro-direita, um Congresso reformador, um Congresso conservador, dando um norte para um caminho que j\u00e1 est\u00e1 asfaltado. Esse Congresso foi eleito para a continuidade do governo Bolsonaro \u2013 emendou.<\/p>\n\n\n\n<p>Bolsonaro reuniu no Alvorada hoje deputados e governadores que o apoiam. Desde o come\u00e7o da semana, o chefe do Executivo tem se encontrado na resid\u00eancia oficial com pol\u00edticos que endossam sua candidatura \u00e0 reelei\u00e7\u00e3o no segundo turno da disputa pelo Pal\u00e1cio do Planalto contra o ex-presidente Luiz In\u00e1cio Lula da Silva (PT).<\/p>\n\n\n\n<p>O presidente recebeu nesta quinta o apoio dos governadores de Goi\u00e1s, Ronaldo Caiado (Uni\u00e3o Brasil), de Roraima, Antonio Denarium (PP), do Acre, Gladson Cameli (PP), de Rond\u00f4nia, Marcos Rocha (Uni\u00e3o Brasil), do Amazonas, Wilson Lima (Uni\u00e3o Brasil), e de Mato Grosso, Mauro Mendes (Uni\u00e3o Brasil).<\/p>\n\n\n\n<p>Nesta quarta (5), o chefe do Executivo recebeu o apoio dos governadores reeleitos do Distrito Federal, Ibaneis Rocha (MDB), e do Paran\u00e1, Ratinho Junior (PSD), al\u00e9m de integrantes da Frente Parlamentar da Agropecu\u00e1ria (FPA) do Congresso, chamada de bancada ruralista.<\/p>\n\n\n\n<p>No dia anterior, Bolsonaro recebeu no Alvorada os governadores reeleitos de Minas Gerais, Romeu Zema (Novo), e do Rio de Janeiro, Cl\u00e1udio Castro (PL), al\u00e9m do governador de S\u00e3o Paulo, Rodrigo Garcia (PSDB), que ficou de fora do segundo turno da elei\u00e7\u00e3o no estado.<\/p>\n","protected":false},"excerpt":{"rendered":"<p>Aliado de Jair Bolsonaro (PL), o presidente da C\u00e2mara Arthur Lira (PP-AL) disse, nesta quinta-feira (6), que a popula\u00e7\u00e3o elegeu o Congresso para a continuidade do atual governo. Em ato de campanha no Pal\u00e1cio da Alvorada, o deputado, que foi o mais votado de Alagoas nesta elei\u00e7\u00e3o, afirmou que o Parlamento brasileiro \u00e9 de centro-direita, [&hellip;]<\/p>\n","protected":false},"author":2,"featured_media":12789,"comment_status":"open","ping_status":"open","sticky":false,"template":"","format":"standard","meta":[],"categories":[8],"tags":[],"_links":{"self":[{"href":"https:\/\/dgospel.com.br\/portal\/index.php\/wp-json\/wp\/v2\/posts\/12788"}],"collection":[{"href":"https:\/\/dgospel.com.br\/portal\/index.php\/wp-json\/wp\/v2\/posts"}],"about":[{"href":"https:\/\/dgospel.com.br\/portal\/index.php\/wp-json\/wp\/v2\/types\/post"}],"author":[{"embeddable":true,"href":"https:\/\/dgospel.com.br\/portal\/index.php\/wp-json\/wp\/v2\/users\/2"}],"replies":[{"embeddable":true,"href":"https:\/\/dgospel.com.br\/portal\/index.php\/wp-json\/wp\/v2\/comments?post=12788"}],"version-history":[{"count":1,"href":"https:\/\/dgospel.com.br\/portal\/index.php\/wp-json\/wp\/v2\/posts\/12788\/revisions"}],"predecessor-version":[{"id":12790,"href":"https:\/\/dgospel.com.br\/portal\/index.php\/wp-json\/wp\/v2\/posts\/12788\/revisions\/12790"}],"wp:featuredmedia":[{"embeddable":true,"href":"https:\/\/dgospel.com.br\/portal\/index.php\/wp-json\/wp\/v2\/media\/12789"}],"wp:attachment":[{"href":"https:\/\/dgospel.com.br\/portal\/index.php\/wp-json\/wp\/v2\/media?parent=12788"}],"wp:term":[{"taxonomy":"category","embeddable":true,"href":"https:\/\/dgospel.com.br\/portal\/index.php\/wp-json\/wp\/v2\/categories?post=12788"},{"taxonomy":"post_tag","embeddable":true,"href":"https:\/\/dgospel.com.br\/portal\/index.php\/wp-json\/wp\/v2\/tags?post=12788"}],"curies":[{"name":"wp","href":"https:\/\/api.w.org\/{rel}","templated":true}]}}