{"id":12791,"date":"2022-10-06T18:55:40","date_gmt":"2022-10-06T21:55:40","guid":{"rendered":"http:\/\/dgospel.com.br\/portal\/?p=12791"},"modified":"2022-10-06T18:55:41","modified_gmt":"2022-10-06T21:55:41","slug":"lideres-conservadores-esperam-que-wanderlei-barbosa-oficialize-apoio-ao-presidente-jair-bolsonaro-no-segundo-turno-das-eleicoes-presidenciais","status":"publish","type":"post","link":"https:\/\/dgospel.com.br\/portal\/index.php\/2022\/10\/06\/lideres-conservadores-esperam-que-wanderlei-barbosa-oficialize-apoio-ao-presidente-jair-bolsonaro-no-segundo-turno-das-eleicoes-presidenciais\/","title":{"rendered":"L\u00edderes conservadores esperam que Wanderlei Barbosa oficialize apoio ao presidente\u00a0Jair Bolsonaro\u00a0no segundo turno das elei\u00e7\u00f5es presidenciais"},"content":{"rendered":"\n<p>Dos governadores eleitos e reeleitos no primeiro turno, de partidos da base do presidente&nbsp;Jair Bolsonaro, o \u00fanico que ainda n\u00e3o declarou apoio \u00e0 reelei\u00e7\u00e3o do presidente, foi o governador do Tocantins Wanderlei Barbosa.<\/p>\n\n\n\n<p>Wanderlei Barbosa, que \u00e9 filiado ao Republicanos, mesmo partido do candidato ao governo de&nbsp;S\u00e3o Paulo,&nbsp;Tarc\u00edsio de Freitas, recebeu importantes apoios de l\u00edderes conservadores que cobram uma posi\u00e7\u00e3o do governador Wanderlei, em rela\u00e7\u00e3o a apoio \u00e0 reelei\u00e7\u00e3o do presidente Jair Bolsonaro no segundo turno.<\/p>\n\n\n\n<p>Em um grupo de pastores no whatsapp, v\u00e1rios l\u00edderes j\u00e1 se manifestaram que est\u00e3o esperando o governador Wanderlei Barbosa declarar apoio a Bolsonaro. \u201cO governador Wanderlei, teve o nosso apoio incondicional, agora esperamos dele uma posi\u00e7\u00e3o, pois a fam\u00edlia dele \u00e9 quase toda evang\u00e9lica e ele teve todo apoio dos evang\u00e9lico, n\u00e3o acreditamos que ele vai ficar encima do muro, nesse momento t\u00e3o decisivo para o Brasil\u201d, disse um l\u00edder<\/p>\n\n\n\n<p>O presidente Jair Bolsonaro, enviou um v\u00eddeo a Wanderlei pedindo ao governador para ir a Bras\u00edlia conversar para um suposto apoio no segundo turno. \u201cQueria convid\u00e1-lo para conversar conosco em Bras\u00edlia e, quem sabe, tu venha me apoiar na quest\u00e3o da reelei\u00e7\u00e3o. O meu compromisso \u00e9 fazer o melhor pelo Brasil. E saiba que o agro mora no nosso cora\u00e7\u00e3o\u201d, disse o mandat\u00e1rio que busca a reelei\u00e7\u00e3o.<\/p>\n\n\n\n<p>A senadora eleita, Dorinha estava entre os candidatos eleitos no domingo que viajaram a Bras\u00edlia para anunciar apoio \u00e0 reelei\u00e7\u00e3o de Bolsonaro.<\/p>\n\n\n\n<p>O n\u00famero de governadores que anunciaram oficialmente o apoio ao presidente&nbsp;Jair Bolsonaro&nbsp;(PL) no segundo turno das elei\u00e7\u00f5es presidenciais chegou a 11.<\/p>\n\n\n\n<p>&nbsp;Entre os nomes que se posicionaram ao lado do atual chefe do Executivo est\u00e3o os governadores de Goi\u00e1s,&nbsp;Ronaldo Caiado &nbsp;(Uni\u00e3o Brasil); de Roraima, Antonio Denarium (PP); do Acre, Gladson Cameli (PP); e de Mato Grosso, Mauro Mendes (Uni\u00e3o Brasil), do Amazonas, Wilson Lima (Uni\u00e3o Brasil); de Rond\u00f4nia, Marcos Rocha (Uni\u00e3o Brasil); do Distrito Federal, Ibaneis Rocha (MDB); do Paran\u00e1, Ratinho J\u00fanior (PSD); do Rio de Janeiro, Claudio Castro (PL), de Minas Gerais, Romeu Zema (Novo); de S\u00e3o Paulo, Rodrigo Garcia (PSDB), tamb\u00e9m confirmaram apoio.<\/p>\n","protected":false},"excerpt":{"rendered":"<p>Dos governadores eleitos e reeleitos no primeiro turno, de partidos da base do presidente&nbsp;Jair Bolsonaro, o \u00fanico que ainda n\u00e3o declarou apoio \u00e0 reelei\u00e7\u00e3o do presidente, foi o governador do Tocantins Wanderlei Barbosa. Wanderlei Barbosa, que \u00e9 filiado ao Republicanos, mesmo partido do candidato ao governo de&nbsp;S\u00e3o Paulo,&nbsp;Tarc\u00edsio de Freitas, recebeu importantes apoios de l\u00edderes [&hellip;]<\/p>\n","protected":false},"author":2,"featured_media":12792,"comment_status":"open","ping_status":"open","sticky":false,"template":"","format":"standard","meta":[],"categories":[4],"tags":[13],"_links":{"self":[{"href":"https:\/\/dgospel.com.br\/portal\/index.php\/wp-json\/wp\/v2\/posts\/12791"}],"collection":[{"href":"https:\/\/dgospel.com.br\/portal\/index.php\/wp-json\/wp\/v2\/posts"}],"about":[{"href":"https:\/\/dgospel.com.br\/portal\/index.php\/wp-json\/wp\/v2\/types\/post"}],"author":[{"embeddable":true,"href":"https:\/\/dgospel.com.br\/portal\/index.php\/wp-json\/wp\/v2\/users\/2"}],"replies":[{"embeddable":true,"href":"https:\/\/dgospel.com.br\/portal\/index.php\/wp-json\/wp\/v2\/comments?post=12791"}],"version-history":[{"count":1,"href":"https:\/\/dgospel.com.br\/portal\/index.php\/wp-json\/wp\/v2\/posts\/12791\/revisions"}],"predecessor-version":[{"id":12793,"href":"https:\/\/dgospel.com.br\/portal\/index.php\/wp-json\/wp\/v2\/posts\/12791\/revisions\/12793"}],"wp:featuredmedia":[{"embeddable":true,"href":"https:\/\/dgospel.com.br\/portal\/index.php\/wp-json\/wp\/v2\/media\/12792"}],"wp:attachment":[{"href":"https:\/\/dgospel.com.br\/portal\/index.php\/wp-json\/wp\/v2\/media?parent=12791"}],"wp:term":[{"taxonomy":"category","embeddable":true,"href":"https:\/\/dgospel.com.br\/portal\/index.php\/wp-json\/wp\/v2\/categories?post=12791"},{"taxonomy":"post_tag","embeddable":true,"href":"https:\/\/dgospel.com.br\/portal\/index.php\/wp-json\/wp\/v2\/tags?post=12791"}],"curies":[{"name":"wp","href":"https:\/\/api.w.org\/{rel}","templated":true}]}}