{"id":12806,"date":"2022-10-08T10:02:00","date_gmt":"2022-10-08T13:02:00","guid":{"rendered":"http:\/\/dgospel.com.br\/portal\/?p=12806"},"modified":"2022-10-08T10:02:01","modified_gmt":"2022-10-08T13:02:01","slug":"tocantins-e-o-melhor-da-regiao-norte-no-programa-auxilio-brasil-na-saude","status":"publish","type":"post","link":"https:\/\/dgospel.com.br\/portal\/index.php\/2022\/10\/08\/tocantins-e-o-melhor-da-regiao-norte-no-programa-auxilio-brasil-na-saude\/","title":{"rendered":"Tocantins \u00e9 o melhor da regi\u00e3o Norte no Programa Aux\u00edlio Brasil na Sa\u00fade"},"content":{"rendered":"\n<p>O Tocantins obteve resultados satisfat\u00f3rios no acompanhamento do Programa Aux\u00edlio Brasil na Sa\u00fade, programa que substituiu o Bolsa Fam\u00edlia. O Estado atingiu 78,52% de cobertura na 1\u00aa vig\u00eancia de 2022, alcan\u00e7ando a meta estadual pactuada de 75%. Em compara\u00e7\u00e3o com os demais estados da regi\u00e3o Norte, o Tocantins ficou com a melhor cobertura e, em rela\u00e7\u00e3o \u00e0s outras unidades da federa\u00e7\u00e3o, o Estado ficou com a 5\u00aa posi\u00e7\u00e3o.<\/p>\n\n\n\n<p>As condicionalidades de sa\u00fade do Programa visam garantir a oferta das a\u00e7\u00f5es b\u00e1sicas, potencializar a melhoria da qualidade de vida das fam\u00edlias inscritas e contribuir para a sua inclus\u00e3o social.<\/p>\n\n\n\n<p>Para que as fam\u00edlias continuem inseridas dentro do Programa Aux\u00edlio Brasil \u00e9 obrigat\u00f3rio o acompanhamento de sa\u00fade para as crian\u00e7as menores de sete anos e \u00e0s mulheres de 14 a 44 anos e n\u00e3o obrigat\u00f3rio para as mulheres de 07 a 13 anos e acima de 44 anos, conforme o Guia para acompanhamento das condicionalidades do Programa Bolsa Fam\u00edlia do Minist\u00e9rio da Cidadania \u2013 Brasil 2020.<\/p>\n\n\n\n<p>\u201cAgradecemos aos gestores e profissionais de sa\u00fade dos 139 munic\u00edpios que se empenharam para realizar esse acompanhamento com qualidade, garantindo aos usu\u00e1rios, do Programa Auxilio Brasil, o direito de acesso \u00e0s a\u00e7\u00f5es de sa\u00fade. Esperamos que nessa segunda vig\u00eancia de acompanhamento, que finaliza em 31 de dezembro de 2022, o Estado, juntamente, com todos os munic\u00edpios possam continuar evoluindo com um desempenho ainda melhor\u201d, enfatizou a diretora de Aten\u00e7\u00e3o Prim\u00e1ria da Secretaria de Estado da Sa\u00fade (SES-TO), Laudecy Alves do Carmo.<\/p>\n\n\n\n<p><\/p>\n\n\n\n<figure class=\"wp-block-image\"><img\/><\/figure>\n\n\n\n<figure class=\"wp-block-image\"><img\/><\/figure>\n","protected":false},"excerpt":{"rendered":"<p>O Tocantins obteve resultados satisfat\u00f3rios no acompanhamento do Programa Aux\u00edlio Brasil na Sa\u00fade, programa que substituiu o Bolsa Fam\u00edlia. O Estado atingiu 78,52% de cobertura na 1\u00aa vig\u00eancia de 2022, alcan\u00e7ando a meta estadual pactuada de 75%. Em compara\u00e7\u00e3o com os demais estados da regi\u00e3o Norte, o Tocantins ficou com a melhor cobertura e, em [&hellip;]<\/p>\n","protected":false},"author":2,"featured_media":12807,"comment_status":"open","ping_status":"open","sticky":false,"template":"","format":"standard","meta":[],"categories":[3],"tags":[13],"_links":{"self":[{"href":"https:\/\/dgospel.com.br\/portal\/index.php\/wp-json\/wp\/v2\/posts\/12806"}],"collection":[{"href":"https:\/\/dgospel.com.br\/portal\/index.php\/wp-json\/wp\/v2\/posts"}],"about":[{"href":"https:\/\/dgospel.com.br\/portal\/index.php\/wp-json\/wp\/v2\/types\/post"}],"author":[{"embeddable":true,"href":"https:\/\/dgospel.com.br\/portal\/index.php\/wp-json\/wp\/v2\/users\/2"}],"replies":[{"embeddable":true,"href":"https:\/\/dgospel.com.br\/portal\/index.php\/wp-json\/wp\/v2\/comments?post=12806"}],"version-history":[{"count":1,"href":"https:\/\/dgospel.com.br\/portal\/index.php\/wp-json\/wp\/v2\/posts\/12806\/revisions"}],"predecessor-version":[{"id":12808,"href":"https:\/\/dgospel.com.br\/portal\/index.php\/wp-json\/wp\/v2\/posts\/12806\/revisions\/12808"}],"wp:featuredmedia":[{"embeddable":true,"href":"https:\/\/dgospel.com.br\/portal\/index.php\/wp-json\/wp\/v2\/media\/12807"}],"wp:attachment":[{"href":"https:\/\/dgospel.com.br\/portal\/index.php\/wp-json\/wp\/v2\/media?parent=12806"}],"wp:term":[{"taxonomy":"category","embeddable":true,"href":"https:\/\/dgospel.com.br\/portal\/index.php\/wp-json\/wp\/v2\/categories?post=12806"},{"taxonomy":"post_tag","embeddable":true,"href":"https:\/\/dgospel.com.br\/portal\/index.php\/wp-json\/wp\/v2\/tags?post=12806"}],"curies":[{"name":"wp","href":"https:\/\/api.w.org\/{rel}","templated":true}]}}