{"id":12812,"date":"2022-10-08T10:14:31","date_gmt":"2022-10-08T13:14:31","guid":{"rendered":"http:\/\/dgospel.com.br\/portal\/?p=12812"},"modified":"2022-10-08T10:14:32","modified_gmt":"2022-10-08T13:14:32","slug":"bolsonaro-sugere-que-tera-mais-governabilidade-com-congresso","status":"publish","type":"post","link":"https:\/\/dgospel.com.br\/portal\/index.php\/2022\/10\/08\/bolsonaro-sugere-que-tera-mais-governabilidade-com-congresso\/","title":{"rendered":"Bolsonaro sugere que ter\u00e1 mais governabilidade com Congresso"},"content":{"rendered":"\n<p>Em uma das primeiras inser\u00e7\u00f5es na TV, no segundo turno das elei\u00e7\u00f5es, o presidente Jair Bolsonaro (PL) exalta sua base de apoio no Congresso e sugere que ter\u00e1 mais governabilidade que o ex-presidente Luiz In\u00e1cio Lula da Silva (PT) se for reeleito. O chefe do Executivo tamb\u00e9m pede que seus eleitores ajudem a mudar os votos de colegas de trabalho, amigos e vizinhos a seu favor.<\/p>\n\n\n\n<p>\u2013 O povo brasileiro deu o recado e elegeu a maioria de deputados e senadores que apoiam o presidente Bolsonaro. Por isso, pense bem! Se voc\u00ea quer um governo de paz e harmonia para o Brasil, precisamos de um presidente que trabalhe junto com os representantes que voc\u00ea escolheu \u2013 diz a narradora da pe\u00e7a publicit\u00e1ria.<\/p>\n\n\n\n<p>Bolsonaro, ent\u00e3o, afirma que a elei\u00e7\u00e3o para a C\u00e2mara e o Senado sinalizaram que o Brasil est\u00e1 \u201cno caminho da paz, da ordem e do progresso\u201d. O PL, partido de Bolsonaro, vai ter as maiores bancadas das duas Casas do Congresso a partir do ano que vem.<\/p>\n\n\n\n<p>O presidente conseguiu eleger para o Senado, por exemplo, aliados como Damares Alves (Republicanos-DF), ex-ministra da Mulher, Fam\u00edlia e Direitos Humanos; o vice-presidente Hamilton Mour\u00e3o (Republicanos-RS); Tereza Cristina (PP-MS), ex-ministra da Agricultura; o deputado estadual Cleitinho (PSC-MG); Jorge Seif (PL-SC), ex-secret\u00e1rio da Pesca; Rog\u00e9rio Marinho (PL-RN), ex-ministro do Desenvolvimento Regional; Marcos Pontes (PL-SP), ex-ministro da Ci\u00eancia e Tecnologia; e Magno Malta (PL-ES).<\/p>\n\n\n\n<p>Nesta quinta-feira (6), o presidente da C\u00e2mara, Arthur Lira (PP), disse que a popula\u00e7\u00e3o elegeu o Congresso para a continuidade do atual governo. Em ato de campanha no Pal\u00e1cio da Alvorada, o deputado, que foi o mais votado de Alagoas nesta elei\u00e7\u00e3o, afirmou que o Parlamento brasileiro \u00e9 de centro-direita, reformador e conservador. Os brasileiros, na vis\u00e3o dele, \u201cdeixaram uma mensagem muito forte\u201d nas urnas no primeiro turno.<\/p>\n\n\n\n<p>Em outra inser\u00e7\u00e3o na TV, Bolsonaro pede para seus apoiadores virarem votos.<\/p>\n\n\n\n<p>\u2013 Eu quero primeiramente agradecer aos 51 milh\u00f5es de brasileiros e brasileiras que acreditaram em mim no \u00faltimo dia 2 de outubro. Mas, agora, temos um segundo momento, o segundo turno, que ser\u00e1 dia 30 de outubro. Eu pe\u00e7o a voc\u00eas que continuem trabalhando insistentemente, com seu vizinho, com seu amigo, com seu colega de trabalho para mostrar para ele que o Brasil est\u00e1 dando certo \u2013 diz o presidente.<\/p>\n\n\n\n<p>*AE<\/p>\n","protected":false},"excerpt":{"rendered":"<p>Em uma das primeiras inser\u00e7\u00f5es na TV, no segundo turno das elei\u00e7\u00f5es, o presidente Jair Bolsonaro (PL) exalta sua base de apoio no Congresso e sugere que ter\u00e1 mais governabilidade que o ex-presidente Luiz In\u00e1cio Lula da Silva (PT) se for reeleito. O chefe do Executivo tamb\u00e9m pede que seus eleitores ajudem a mudar os [&hellip;]<\/p>\n","protected":false},"author":2,"featured_media":12813,"comment_status":"open","ping_status":"open","sticky":false,"template":"","format":"standard","meta":[],"categories":[4],"tags":[],"_links":{"self":[{"href":"https:\/\/dgospel.com.br\/portal\/index.php\/wp-json\/wp\/v2\/posts\/12812"}],"collection":[{"href":"https:\/\/dgospel.com.br\/portal\/index.php\/wp-json\/wp\/v2\/posts"}],"about":[{"href":"https:\/\/dgospel.com.br\/portal\/index.php\/wp-json\/wp\/v2\/types\/post"}],"author":[{"embeddable":true,"href":"https:\/\/dgospel.com.br\/portal\/index.php\/wp-json\/wp\/v2\/users\/2"}],"replies":[{"embeddable":true,"href":"https:\/\/dgospel.com.br\/portal\/index.php\/wp-json\/wp\/v2\/comments?post=12812"}],"version-history":[{"count":1,"href":"https:\/\/dgospel.com.br\/portal\/index.php\/wp-json\/wp\/v2\/posts\/12812\/revisions"}],"predecessor-version":[{"id":12814,"href":"https:\/\/dgospel.com.br\/portal\/index.php\/wp-json\/wp\/v2\/posts\/12812\/revisions\/12814"}],"wp:featuredmedia":[{"embeddable":true,"href":"https:\/\/dgospel.com.br\/portal\/index.php\/wp-json\/wp\/v2\/media\/12813"}],"wp:attachment":[{"href":"https:\/\/dgospel.com.br\/portal\/index.php\/wp-json\/wp\/v2\/media?parent=12812"}],"wp:term":[{"taxonomy":"category","embeddable":true,"href":"https:\/\/dgospel.com.br\/portal\/index.php\/wp-json\/wp\/v2\/categories?post=12812"},{"taxonomy":"post_tag","embeddable":true,"href":"https:\/\/dgospel.com.br\/portal\/index.php\/wp-json\/wp\/v2\/tags?post=12812"}],"curies":[{"name":"wp","href":"https:\/\/api.w.org\/{rel}","templated":true}]}}