{"id":12824,"date":"2022-10-10T15:46:20","date_gmt":"2022-10-10T18:46:20","guid":{"rendered":"http:\/\/dgospel.com.br\/portal\/?p=12824"},"modified":"2022-10-10T15:46:21","modified_gmt":"2022-10-10T18:46:21","slug":"prefeitos-de-manaus-e-sorocaba-anunciam-apoio-a-bolsonaro","status":"publish","type":"post","link":"https:\/\/dgospel.com.br\/portal\/index.php\/2022\/10\/10\/prefeitos-de-manaus-e-sorocaba-anunciam-apoio-a-bolsonaro\/","title":{"rendered":"Prefeitos de Manaus e Sorocaba anunciam apoio a Bolsonaro"},"content":{"rendered":"\n<p>Nesta segunda-feira (10), o presidente Jair Bolsonaro (PL) recebeu no Pal\u00e1cio da Alvorada o prefeito da capital do Amazonas, David Almeida (Avante), que apoia sua candidatura \u00e0 reelei\u00e7\u00e3o. De acordo com Almeida, ele e Bolsonaro compartilham dos mesmos princ\u00edpios.<\/p>\n\n\n\n<p>\u2013 Eu j\u00e1 caminho com o presidente Bolsonaro desde 2015. Eu comungo dos pensamentos dele, eu sou crist\u00e3o evang\u00e9lico desde que nasci e defendo todos os princ\u00edpios. O Avante caminha de um lado diferente, mas eu tenho a minha autonomia dentro do partido \u2013 afirmou o prefeito de Manaus.<\/p>\n\n\n\n<p>Ao lado de Almeida, o chefe do Executivo afirmou que a Zona Franca de Manaus ser\u00e1 preservada em um eventual segundo mandato.<\/p>\n\n\n\n<p>\u2013 Tudo resolvido, sem problema \u2013 respondeu Bolsonaro ao ser questionado se havia acordo em rela\u00e7\u00e3o ao Imposto sobre Produtos Industrializados (IPI).<\/p>\n\n\n\n<p>\u2013 A Zona Franca ser\u00e1 preservada, como sempre foi, em nosso governo \u2013 disse o presidente.<\/p>\n\n\n\n<p>O prefeito de Manaus, por sua vez, disse que obteve \u201ctodas as respostas\u201d que precisava. No Amazonas, o governador Wilson Lima (Uni\u00e3o Brasil), que tamb\u00e9m apoia o chefe do Executivo, disputa o segundo turno contra o senador Eduardo Braga (MDB), aliado do ex-presidente Luiz In\u00e1cio Lula da Silva (PT).<\/p>\n\n\n\n<p>Em 16 de setembro, o ministro Alexandre de Moraes, do Supremo Tribunal Federal (STF), revogou uma medida cautelar que havia suspendido, em maio, a redu\u00e7\u00e3o da cobran\u00e7a do IPI sobre bens produzidos na Zona Franca. Com isso, voltou a valer o decreto de Bolsonaro que permitiu a redu\u00e7\u00e3o do imposto apenas para produtos que n\u00e3o concorram com os da Zona Franca, que j\u00e1 t\u00eam isen\u00e7\u00e3o tribut\u00e1ria.<\/p>\n\n\n\n<p><strong>OUTROS APOIOS<br><\/strong>Bolsonaro tamb\u00e9m recebeu nesta segunda (10) o prefeito de Sorocaba (SP), Rodrigo Manga (Republicanos), para refor\u00e7ar sua campanha pela reelei\u00e7\u00e3o. O chefe do Executivo tem se reunido desde a semana passada com uma s\u00e9rie de parlamentares, governadores e prefeitos que o apoiam. O Alvorada, resid\u00eancia oficial do presidente, foi escolhido como ponto de encontro.<\/p>\n\n\n\n<p>Na sexta (7), Bolsonaro recebeu o apoio do prefeito de Macei\u00f3, JHC, que deixou o PSB para se filiar ao PL, legenda que abriga o presidente. No Alvorada, o prefeito disse esperar uma melhora do desempenho do chefe do Executivo em Alagoas no segundo turno contra o ex-presidente Luiz In\u00e1cio Lula da Silva (PT). JHC, que pretende fazer campanha para o candidato \u00e0 reelei\u00e7\u00e3o, \u00e9 aliado do presidente da C\u00e2mara, Arthur Lira (PP), que tamb\u00e9m apoia Bolsonaro.<\/p>\n\n\n\n<p>Ao longo da semana passada, a primeira do segundo turno, Bolsonaro recebeu o apoio de governadores do Sudeste, como Romeu Zema (Novo), de Minas Gerais, Cl\u00e1udio Castro (PL), do Rio de Janeiro, e Rodrigo Garcia (PSDB), de S\u00e3o Paulo.<\/p>\n\n\n\n<p>Do Centro-Oeste, foram visitar o presidente no Alvorada os governadores do Distrito Federal, Ibaneis Rocha (MDB), de Goi\u00e1s, Ronaldo Caiado (Uni\u00e3o Brasil), e de Mato Grosso, Mauro Mendes (Uni\u00e3o Brasil). Da regi\u00e3o Norte, Bolsonaro foi apoiado pelos governadores de Roraima, Antonio Denarium (PP), do Acre, Gladson Cameli (PP), de Rond\u00f4nia, Marcos Rocha (Uni\u00e3o Brasil), al\u00e9m de Wilson Lima, do Amazonas.<\/p>\n\n\n\n<p>*AE<\/p>\n","protected":false},"excerpt":{"rendered":"<p>Nesta segunda-feira (10), o presidente Jair Bolsonaro (PL) recebeu no Pal\u00e1cio da Alvorada o prefeito da capital do Amazonas, David Almeida (Avante), que apoia sua candidatura \u00e0 reelei\u00e7\u00e3o. De acordo com Almeida, ele e Bolsonaro compartilham dos mesmos princ\u00edpios. \u2013 Eu j\u00e1 caminho com o presidente Bolsonaro desde 2015. Eu comungo dos pensamentos dele, eu [&hellip;]<\/p>\n","protected":false},"author":2,"featured_media":12825,"comment_status":"open","ping_status":"open","sticky":false,"template":"","format":"standard","meta":[],"categories":[4],"tags":[13],"_links":{"self":[{"href":"https:\/\/dgospel.com.br\/portal\/index.php\/wp-json\/wp\/v2\/posts\/12824"}],"collection":[{"href":"https:\/\/dgospel.com.br\/portal\/index.php\/wp-json\/wp\/v2\/posts"}],"about":[{"href":"https:\/\/dgospel.com.br\/portal\/index.php\/wp-json\/wp\/v2\/types\/post"}],"author":[{"embeddable":true,"href":"https:\/\/dgospel.com.br\/portal\/index.php\/wp-json\/wp\/v2\/users\/2"}],"replies":[{"embeddable":true,"href":"https:\/\/dgospel.com.br\/portal\/index.php\/wp-json\/wp\/v2\/comments?post=12824"}],"version-history":[{"count":1,"href":"https:\/\/dgospel.com.br\/portal\/index.php\/wp-json\/wp\/v2\/posts\/12824\/revisions"}],"predecessor-version":[{"id":12826,"href":"https:\/\/dgospel.com.br\/portal\/index.php\/wp-json\/wp\/v2\/posts\/12824\/revisions\/12826"}],"wp:featuredmedia":[{"embeddable":true,"href":"https:\/\/dgospel.com.br\/portal\/index.php\/wp-json\/wp\/v2\/media\/12825"}],"wp:attachment":[{"href":"https:\/\/dgospel.com.br\/portal\/index.php\/wp-json\/wp\/v2\/media?parent=12824"}],"wp:term":[{"taxonomy":"category","embeddable":true,"href":"https:\/\/dgospel.com.br\/portal\/index.php\/wp-json\/wp\/v2\/categories?post=12824"},{"taxonomy":"post_tag","embeddable":true,"href":"https:\/\/dgospel.com.br\/portal\/index.php\/wp-json\/wp\/v2\/tags?post=12824"}],"curies":[{"name":"wp","href":"https:\/\/api.w.org\/{rel}","templated":true}]}}