{"id":12839,"date":"2022-10-11T08:58:22","date_gmt":"2022-10-11T11:58:22","guid":{"rendered":"http:\/\/dgospel.com.br\/portal\/?p=12839"},"modified":"2022-10-11T08:58:23","modified_gmt":"2022-10-11T11:58:23","slug":"governador-wanderlei-barbosa-nomeia-o-procurador-geral-de-justica-reeleito-luciano-casaroti","status":"publish","type":"post","link":"https:\/\/dgospel.com.br\/portal\/index.php\/2022\/10\/11\/governador-wanderlei-barbosa-nomeia-o-procurador-geral-de-justica-reeleito-luciano-casaroti\/","title":{"rendered":"Governador Wanderlei Barbosa nomeia o procurador-geral de Justi\u00e7a reeleito, Luciano Casaroti"},"content":{"rendered":"\n<p>Nesta segunda-feira, 10, o governador Wanderlei Barbosa assinou a nomea\u00e7\u00e3o do procurador-geral de Justi\u00e7a, Luciano Casaroti, reeleito pelos membros do Minist\u00e9rio P\u00fablico do Tocantins (MPTO) para continuar \u00e0 frente da institui\u00e7\u00e3o pelo bi\u00eanio 2023\/2024. O ato de nomea\u00e7\u00e3o ser\u00e1 publicado no Di\u00e1rio Oficial do Estado (DOE) tamb\u00e9m nesta segunda-feira, 10.<\/p>\n\n\n\n<p>No ato de assinatura, Wanderlei Barbosa lembrou da import\u00e2ncia do MPTO para a popula\u00e7\u00e3o como um \u00f3rg\u00e3o fiscalizador e defensor dos interesses da sociedade. \u201cO Minist\u00e9rio P\u00fablico \u00e9 um \u00f3rg\u00e3o independente, um \u00f3rg\u00e3o que traz cidadania, que busca defender o cidad\u00e3o e isso, para n\u00f3s, tem uma grande valia. O procurador Luciano Casaroti sempre esteve presente de maneira muito pr\u00f3xima, tanto com o cidad\u00e3o quanto com o Estado. Este \u00e9 um momento de muita satisfa\u00e7\u00e3o, de assinarmos esse encaminhamento sabendo que o \u00f3rg\u00e3o ser\u00e1 muito bem conduzido, com um grande trabalho\u201d, afirmou o Governador.<\/p>\n\n\n\n<p>Ainda durante a nomea\u00e7\u00e3o, o procurador afirmou que o trabalho \u00e0 frente do MPTO tem como objetivo atuar pela popula\u00e7\u00e3o. Ele tamb\u00e9m enfatizou sobre a boa parceria com o Governo do Tocantins. &#8220;Pensamos em continuar trabalhando para o fortalecimento do Minist\u00e9rio P\u00fablico, que seja coeso, altivo, sempre em prol da nossa sociedade. Esses s\u00e3o os nossos objetivos. Temos uma parceria muito boa com o Estado, muito respeito com o Governo, que muito respeita o Minist\u00e9rio P\u00fablico. Procuramos resolver as quest\u00f5es institucionais da melhor maneira poss\u00edvel\u201d, declarou Luciano Casaroti.<\/p>\n\n\n\n<p>Estiveram presentes na solenidade o secret\u00e1rio da Casa Civil, Deocleciano Gomes Filho; o procurador-geral do Estado, Kledson de Moura Lima; o secret\u00e1rio de Estado da Fazenda, J\u00falio Edstron Santos; e representantes do Minist\u00e9rio P\u00fablico como o chefe de gabinete da Procuradoria-Geral da Justi\u00e7a (PGJ), o&nbsp;promotor de Justi\u00e7a Abel Andrade Leal J\u00fanior; os assessores especial jur\u00eddico da PGJ, os promotores de Justi\u00e7a Marcelo Ulisses Sampaio e Celsimar Cust\u00f3dio Silva; al\u00e9m do presidente da Associa\u00e7\u00e3o Tocantinense do Minist\u00e9rio P\u00fablico (ATMP), Pedro Evandro de Vicente Rufato; e a deputada estadual, Claudia Lelis.<\/p>\n\n\n\n<p><strong>Reelei\u00e7\u00e3o e Atribui\u00e7\u00f5es<\/strong><\/p>\n\n\n\n<p>A reelei\u00e7\u00e3o de Luciano Casaroti ocorreu na \u00faltima sexta-feira, 7, quando o procurador-geral de Justi\u00e7a obteve 97 votos, o que representa 92% dos membros aptos a votar. Luciano Casaroti disputou o pleito na condi\u00e7\u00e3o de candidato \u00fanico, ap\u00f3s exercer a gest\u00e3o 2021\/2022 e concorrer \u00e0 reelei\u00e7\u00e3o.<\/p>\n\n\n\n<p>Fazem parte das outras fun\u00e7\u00f5es do procurador-geral de Justi\u00e7a a gest\u00e3o administrativa e or\u00e7ament\u00e1ria do MPTO e atribui\u00e7\u00f5es processuais exclusivas, previstas na legisla\u00e7\u00e3o.<\/p>\n\n\n\n<p><strong>Perfil<\/strong><\/p>\n\n\n\n<p>Natural de Presidente Prudente (SP), Luciano Casaroti \u00e9 graduado em Direito e ingressou no MPTO em 2010. Ele atuou como promotor de Justi\u00e7a em oito comarcas: Anan\u00e1s, Tocantin\u00f3polis, Formoso do Araguaia, Alvorada, Arapoema, Itacaj\u00e1, Xambio\u00e1 e Aragua\u00edna. Tamb\u00e9m presidiu a Associa\u00e7\u00e3o Tocantinense do Minist\u00e9rio P\u00fablico (ATMP) por tr\u00eas gest\u00f5es consecutivas e comp\u00f4s a Associa\u00e7\u00e3o Nacional dos Membros do MP (Conamp) como diretor da Regi\u00e3o Norte e membro do Conselho Fiscal, dentre outras fun\u00e7\u00f5es.<\/p>\n\n\n\n<p><img src=\"https:\/\/central.to.gov.br\/image\/305166?w=670&amp;h=383\"><\/p>\n\n\n\n<p>Procurador-geral de Justi\u00e7a, Luciano Casaroti, \u00e9 nomeado para o bi\u00eanio 2023\/2024 &#8211; Aldemar Ribeiro\/Governo do Tocantins.<\/p>\n\n\n\n<p><img src=\"https:\/\/central.to.gov.br\/image\/305167?w=670&amp;h=383\"><\/p>\n\n\n\n<p>Nomea\u00e7\u00e3o no Pal\u00e1cio Araguaia reuniu representantes do Governo do Tocantins, do Minist\u00e9rio P\u00fablico e do Poder Legislativo &#8211; Aldemar Ribeiro\/Governo do Tocantins.<\/p>\n","protected":false},"excerpt":{"rendered":"<p>Nesta segunda-feira, 10, o governador Wanderlei Barbosa assinou a nomea\u00e7\u00e3o do procurador-geral de Justi\u00e7a, Luciano Casaroti, reeleito pelos membros do Minist\u00e9rio P\u00fablico do Tocantins (MPTO) para continuar \u00e0 frente da institui\u00e7\u00e3o pelo bi\u00eanio 2023\/2024. O ato de nomea\u00e7\u00e3o ser\u00e1 publicado no Di\u00e1rio Oficial do Estado (DOE) tamb\u00e9m nesta segunda-feira, 10. No ato de assinatura, Wanderlei [&hellip;]<\/p>\n","protected":false},"author":2,"featured_media":12840,"comment_status":"open","ping_status":"open","sticky":false,"template":"","format":"standard","meta":[],"categories":[3],"tags":[13],"_links":{"self":[{"href":"https:\/\/dgospel.com.br\/portal\/index.php\/wp-json\/wp\/v2\/posts\/12839"}],"collection":[{"href":"https:\/\/dgospel.com.br\/portal\/index.php\/wp-json\/wp\/v2\/posts"}],"about":[{"href":"https:\/\/dgospel.com.br\/portal\/index.php\/wp-json\/wp\/v2\/types\/post"}],"author":[{"embeddable":true,"href":"https:\/\/dgospel.com.br\/portal\/index.php\/wp-json\/wp\/v2\/users\/2"}],"replies":[{"embeddable":true,"href":"https:\/\/dgospel.com.br\/portal\/index.php\/wp-json\/wp\/v2\/comments?post=12839"}],"version-history":[{"count":1,"href":"https:\/\/dgospel.com.br\/portal\/index.php\/wp-json\/wp\/v2\/posts\/12839\/revisions"}],"predecessor-version":[{"id":12841,"href":"https:\/\/dgospel.com.br\/portal\/index.php\/wp-json\/wp\/v2\/posts\/12839\/revisions\/12841"}],"wp:featuredmedia":[{"embeddable":true,"href":"https:\/\/dgospel.com.br\/portal\/index.php\/wp-json\/wp\/v2\/media\/12840"}],"wp:attachment":[{"href":"https:\/\/dgospel.com.br\/portal\/index.php\/wp-json\/wp\/v2\/media?parent=12839"}],"wp:term":[{"taxonomy":"category","embeddable":true,"href":"https:\/\/dgospel.com.br\/portal\/index.php\/wp-json\/wp\/v2\/categories?post=12839"},{"taxonomy":"post_tag","embeddable":true,"href":"https:\/\/dgospel.com.br\/portal\/index.php\/wp-json\/wp\/v2\/tags?post=12839"}],"curies":[{"name":"wp","href":"https:\/\/api.w.org\/{rel}","templated":true}]}}