{"id":1284,"date":"2018-09-11T17:06:09","date_gmt":"2018-09-11T20:06:09","guid":{"rendered":"http:\/\/dgospel.com.br\/portal\/?p=1284"},"modified":"2018-09-11T17:06:09","modified_gmt":"2018-09-11T20:06:09","slug":"reeducandos-da-barra-da-grota-sao-batizados-em-aguas-por-meio-de-assistencia-religiosa","status":"publish","type":"post","link":"https:\/\/dgospel.com.br\/portal\/index.php\/2018\/09\/11\/reeducandos-da-barra-da-grota-sao-batizados-em-aguas-por-meio-de-assistencia-religiosa\/","title":{"rendered":"Reeducandos da Barra da Grota s\u00e3o batizados em \u00e1guas por meio de Assist\u00eancia Religiosa"},"content":{"rendered":"<p class=\"yiv1317085915msonormal\" style=\"text-align: justify; line-height: 11.2pt; background: white; margin: 0cm 0cm 10.0pt 0cm;\"><span style=\"font-size: 10.0pt; font-family: 'Helvetica','sans-serif'; color: #26282a;\">\u00a0<\/span><span style=\"font-size: 10.0pt; font-family: 'Tahoma','sans-serif'; color: black;\">Assim como a educa\u00e7\u00e3o, a sa\u00fade, a\u00a0<span style=\"background: white;\">assist\u00eancia material, jur\u00eddica, social e educacional, as pessoas privadas de liberdade t\u00eam direito \u00e0 Assist\u00eancia Religiosa.<\/span>\u00a0Tudo previsto no\u00a0<\/span><span style=\"font-size: 10.0pt; font-family: 'Tahoma','sans-serif'; color: #26282a;\">artigo 24 da Lei de Execu\u00e7\u00f5es Penais (LEP), que assegura ao preso a liberdade da profiss\u00e3o de f\u00e9, permitindo a participa\u00e7\u00e3o em cultos e a posse de livros de instru\u00e7\u00e3o religiosa. Por\u00e9m, ressalta-se que nas unidades prisionais do Tocantins nenhum reeducando pode ser obrigado a professar qualquer f\u00e9.<\/span><\/p>\n<p class=\"yiv1317085915msonormal\" style=\"text-align: justify; line-height: 11.2pt; background: white; font-variant-ligatures: normal; font-variant-caps: normal; orphans: 2; widows: 2; -webkit-text-stroke-width: 0px; text-decoration-style: initial; text-decoration-color: initial; word-spacing: 0px; margin: 0cm 0cm 10.0pt 0cm;\"><span style=\"font-size: 10.0pt; font-family: 'Tahoma','sans-serif'; color: black;\">Entidades religiosas t\u00eam acesso aos c\u00e1rceres, como \u00e9 o caso da Institui\u00e7\u00e3o Resgate sem Fronteiras, que presta assist\u00eancia social e religiosa nas unidades prisionais. O fruto deste trabalho volunt\u00e1rio vem sendo o batismo evang\u00e9lico volunt\u00e1rio dos internos em \u00e1guas.<\/span><\/p>\n<p class=\"yiv1317085915msonormal\" style=\"text-align: justify; line-height: 11.2pt; background: white; font-variant-ligatures: normal; font-variant-caps: normal; orphans: 2; widows: 2; -webkit-text-stroke-width: 0px; text-decoration-style: initial; text-decoration-color: initial; word-spacing: 0px; margin: 0cm 0cm 10.0pt 0cm;\"><span style=\"font-size: 10.0pt; font-family: 'Tahoma','sans-serif'; color: black;\">Somente no \u00faltimo s\u00e1bado, dia 08, oito reeducandos do Pavilh\u00e3o A da Unidade de Tratamento penal Barra da grota (UTPBG), em Aragua\u00edna, foram batizados pelos pastores Claudiano Martins e Juliete Santos. De 2017 at\u00e9 agora, pelo menos 15 pessoas privadas de liberdade foram batizadas por membros da Resgate sem Fronteiras.<\/span><\/p>\n<p class=\"yiv1317085915msonormal\" style=\"text-align: justify; line-height: 11.2pt; background: white; font-variant-ligatures: normal; font-variant-caps: normal; orphans: 2; widows: 2; -webkit-text-stroke-width: 0px; text-decoration-style: initial; text-decoration-color: initial; word-spacing: 0px; margin: 0cm 0cm 10.0pt 0cm;\"><span style=\"font-size: 10.0pt; font-family: 'Tahoma','sans-serif'; color: black;\">Segundo o superintendente do Sistema Penitenci\u00e1rio Prisional (Sispen), Orleanes Alves, o retorno ao conv\u00edvio social \u00e9 uma das principais finalidades da pena e da medida de seguran\u00e7a durante o processo de execu\u00e7\u00e3o penal. \u201cEntretanto, para conseguirmos a reabilita\u00e7\u00e3o da pessoa, temos que adotar medidas de assist\u00eancia com a finalidade de orient\u00e1-los ao retorno \u00e0 sociedade, diminuindo o risco de reincid\u00eancia da pr\u00e1tica delituosa\u201d, enfatiza.<\/span><\/p>\n<p class=\"yiv1317085915msonormal\" style=\"text-align: justify; line-height: 11.2pt; background: white; font-variant-ligatures: normal; font-variant-caps: normal; orphans: 2; widows: 2; -webkit-text-stroke-width: 0px; text-decoration-style: initial; text-decoration-color: initial; word-spacing: 0px; margin: 0cm 0cm 10.0pt 0cm;\"><span style=\"font-size: 10.0pt; font-family: 'Tahoma','sans-serif'; color: black;\">Ele lembra ainda que a assist\u00eancia religiosa \u00e9 assegurada na LEP disp\u00f5e que a assist\u00eancia ao preso e ao internado \u00e9 dever do Estado, objetivando prevenir o crime e orientar o retorno \u00e0 conviv\u00eancia em sociedade.<\/span><\/p>\n","protected":false},"excerpt":{"rendered":"<p>\u00a0Assim como a educa\u00e7\u00e3o, a sa\u00fade, a\u00a0assist\u00eancia material, jur\u00eddica, social e educacional, as pessoas privadas de liberdade t\u00eam direito \u00e0 Assist\u00eancia Religiosa.\u00a0Tudo previsto no\u00a0artigo 24 da Lei de Execu\u00e7\u00f5es Penais (LEP), que assegura ao preso a liberdade da profiss\u00e3o de f\u00e9, permitindo a participa\u00e7\u00e3o em cultos e a posse de livros de instru\u00e7\u00e3o religiosa. Por\u00e9m, [&hellip;]<\/p>\n","protected":false},"author":2,"featured_media":1285,"comment_status":"open","ping_status":"open","sticky":false,"template":"","format":"standard","meta":[],"categories":[2,3,5],"tags":[],"_links":{"self":[{"href":"https:\/\/dgospel.com.br\/portal\/index.php\/wp-json\/wp\/v2\/posts\/1284"}],"collection":[{"href":"https:\/\/dgospel.com.br\/portal\/index.php\/wp-json\/wp\/v2\/posts"}],"about":[{"href":"https:\/\/dgospel.com.br\/portal\/index.php\/wp-json\/wp\/v2\/types\/post"}],"author":[{"embeddable":true,"href":"https:\/\/dgospel.com.br\/portal\/index.php\/wp-json\/wp\/v2\/users\/2"}],"replies":[{"embeddable":true,"href":"https:\/\/dgospel.com.br\/portal\/index.php\/wp-json\/wp\/v2\/comments?post=1284"}],"version-history":[{"count":1,"href":"https:\/\/dgospel.com.br\/portal\/index.php\/wp-json\/wp\/v2\/posts\/1284\/revisions"}],"predecessor-version":[{"id":1286,"href":"https:\/\/dgospel.com.br\/portal\/index.php\/wp-json\/wp\/v2\/posts\/1284\/revisions\/1286"}],"wp:featuredmedia":[{"embeddable":true,"href":"https:\/\/dgospel.com.br\/portal\/index.php\/wp-json\/wp\/v2\/media\/1285"}],"wp:attachment":[{"href":"https:\/\/dgospel.com.br\/portal\/index.php\/wp-json\/wp\/v2\/media?parent=1284"}],"wp:term":[{"taxonomy":"category","embeddable":true,"href":"https:\/\/dgospel.com.br\/portal\/index.php\/wp-json\/wp\/v2\/categories?post=1284"},{"taxonomy":"post_tag","embeddable":true,"href":"https:\/\/dgospel.com.br\/portal\/index.php\/wp-json\/wp\/v2\/tags?post=1284"}],"curies":[{"name":"wp","href":"https:\/\/api.w.org\/{rel}","templated":true}]}}