{"id":12845,"date":"2022-10-11T09:19:23","date_gmt":"2022-10-11T12:19:23","guid":{"rendered":"http:\/\/dgospel.com.br\/portal\/?p=12845"},"modified":"2022-10-11T09:19:24","modified_gmt":"2022-10-11T12:19:24","slug":"lula-se-irrita-com-mensagens-de-tebet-e-campanha-quer-conversa-entre-os-dois","status":"publish","type":"post","link":"https:\/\/dgospel.com.br\/portal\/index.php\/2022\/10\/11\/lula-se-irrita-com-mensagens-de-tebet-e-campanha-quer-conversa-entre-os-dois\/","title":{"rendered":"Lula se irrita com mensagens de Tebet, e campanha quer conversa entre os dois"},"content":{"rendered":"\n<p>O ex-presidente\u00a0<a href=\"https:\/\/noticias.r7.com\/eleicoes-2022\/simone-tebet-critica-campanha-de-lula-alguem-tem-que-colocar-juizo-10102022\">Luiz In\u00e1cio Lula da Silva (PT)<\/a>\u00a0demonstrou irrita\u00e7\u00e3o depois que foram divulgadas pela imprensa nesta segunda-feira (10) mensagens enviadas pela senadora Simone Tebet (MDB) com cr\u00edticas \u00e0 estrat\u00e9gia da campanha do petista na elei\u00e7\u00e3o presidencial.<\/p>\n\n\n\n<p>Segundo a reportagem do&nbsp;<strong>R7<\/strong>&nbsp;apurou com interlocutores de Lula, assessores articulam uma conversa por telefone entre Tebet e o candidato do PT. A ideia \u00e9 criar uma oportunidade para que a ex-candidata do MDB \u00e0 presid\u00eancia explique suas cr\u00edticas.<\/p>\n\n\n\n<p>O relato de pessoas pr\u00f3ximas \u00e9 que o ex-presidente teria ficado incomodado com as declara\u00e7\u00f5es de Tebet, que prometeu apoiar Lula no&nbsp;<a href=\"https:\/\/noticias.r7.com\/eleicoes-2022\/prefeito-de-manaus-declara-apoio-a-bolsonaro-no-segundo-turno-10102022\">segundo turno das elei\u00e7\u00f5es<\/a>.<\/p>\n\n\n\n<p>Para esses interlocutores, as mensagens da senadora em nada contribuem com a campanha, mesmo que se tratem de cr\u00edticas construtivas. Alguns membros da equipe consideraram a atitude de Tebet como &#8220;fogo amigo&#8221; e uma tentativa de mudar a &#8220;ess\u00eancia da milit\u00e2ncia petista&#8221;.<\/p>\n\n\n\n<h3>Radicalismo do PT<\/h3>\n\n\n\n<p>Nos textos enviados por aplicativos de mensagens, Tebet afirma que &#8220;algu\u00e9m tem que colocar ju\u00edzo na campanha&#8221; do petista. Ela disse tamb\u00e9m que \u00e9 preciso &#8220;tirar o vermelho da rua&#8221;, pois as imagens assustariam eleitores do &#8220;interior de SP&#8221; e de estados localizados no Centro-Oeste, no Sul e no Sudeste do pa\u00eds.<\/p>\n\n\n\n<p>De acordo com Tebet, a popula\u00e7\u00e3o n\u00e3o vota no PT, mas sim contra o presidente Jair Bolsonaro. &#8220;N\u00e3o \u00e9 &#8216;vai dar PT&#8217;. O povo est\u00e1&nbsp;<a href=\"https:\/\/noticias.r7.com\/eleicoes-2022\/sempre-estive-no-meio-do-povo-mesmo-durante-a-pandemia-diz-bolsonaro-em-ceilandia-10102022\">votando contra Bolsonaro<\/a>, e n\u00e3o no PT&#8221;, disse ela em uma das mensagens. O texto foi encaminhado por ela a interlocutores de Lula.<\/p>\n\n\n\n<p>Apesar das cr\u00edticas ao candidato petista no primeiro turno, Tebet afirmou que depositar\u00e1 seu voto em Lula por &#8220;reconhecer nele o compromisso com a democracia e a Constitui\u00e7\u00e3o&#8221;. O apoio dela, no entanto, n\u00e3o tem respaldo do MDB, que n\u00e3o assumiu posi\u00e7\u00e3o para o segundo turno e decidiu liberar a orienta\u00e7\u00e3o dos filiados.<\/p>\n\n\n\n<p>Antes do primeiro turno, Tebet disse que uma eventual elei\u00e7\u00e3o de Lula seria prejudicial ao pa\u00eds. Em sabatina na Record TV, ela reclamou do chamado voto \u00fatil, estrat\u00e9gia usada por Lula para tentar convencer os brasileiros a votarem nele para evitar a reelei\u00e7\u00e3o do presidente Jair Bolsonaro (PL).<\/p>\n\n\n\n<p>&#8220;Eleger o menos pior significa ter que enfrentar as dificuldades da mis\u00e9ria, da desigualdade, da fome, da falta de emprego, da\u00a0<a href=\"https:\/\/noticias.r7.com\/brasilia\/df-record\/videos\/farmacias-estao-com-baixo-estoque-de-remedios-para-febre-21072022\">falta de rem\u00e9dio<\/a>\u00a0no posto, da falta da qualidade do ensino, diante de um governante que n\u00e3o s\u00f3 n\u00e3o te representa como que tamb\u00e9m n\u00e3o tem as melhores propostas para o Brasil&#8221;, afirmou.<\/p>\n\n\n\n<p>Fonte: R7, em Bras\u00edlia<\/p>\n","protected":false},"excerpt":{"rendered":"<p>O ex-presidente\u00a0Luiz In\u00e1cio Lula da Silva (PT)\u00a0demonstrou irrita\u00e7\u00e3o depois que foram divulgadas pela imprensa nesta segunda-feira (10) mensagens enviadas pela senadora Simone Tebet (MDB) com cr\u00edticas \u00e0 estrat\u00e9gia da campanha do petista na elei\u00e7\u00e3o presidencial. Segundo a reportagem do&nbsp;R7&nbsp;apurou com interlocutores de Lula, assessores articulam uma conversa por telefone entre Tebet e o candidato do [&hellip;]<\/p>\n","protected":false},"author":2,"featured_media":12846,"comment_status":"open","ping_status":"open","sticky":false,"template":"","format":"standard","meta":[],"categories":[4],"tags":[],"_links":{"self":[{"href":"https:\/\/dgospel.com.br\/portal\/index.php\/wp-json\/wp\/v2\/posts\/12845"}],"collection":[{"href":"https:\/\/dgospel.com.br\/portal\/index.php\/wp-json\/wp\/v2\/posts"}],"about":[{"href":"https:\/\/dgospel.com.br\/portal\/index.php\/wp-json\/wp\/v2\/types\/post"}],"author":[{"embeddable":true,"href":"https:\/\/dgospel.com.br\/portal\/index.php\/wp-json\/wp\/v2\/users\/2"}],"replies":[{"embeddable":true,"href":"https:\/\/dgospel.com.br\/portal\/index.php\/wp-json\/wp\/v2\/comments?post=12845"}],"version-history":[{"count":1,"href":"https:\/\/dgospel.com.br\/portal\/index.php\/wp-json\/wp\/v2\/posts\/12845\/revisions"}],"predecessor-version":[{"id":12847,"href":"https:\/\/dgospel.com.br\/portal\/index.php\/wp-json\/wp\/v2\/posts\/12845\/revisions\/12847"}],"wp:featuredmedia":[{"embeddable":true,"href":"https:\/\/dgospel.com.br\/portal\/index.php\/wp-json\/wp\/v2\/media\/12846"}],"wp:attachment":[{"href":"https:\/\/dgospel.com.br\/portal\/index.php\/wp-json\/wp\/v2\/media?parent=12845"}],"wp:term":[{"taxonomy":"category","embeddable":true,"href":"https:\/\/dgospel.com.br\/portal\/index.php\/wp-json\/wp\/v2\/categories?post=12845"},{"taxonomy":"post_tag","embeddable":true,"href":"https:\/\/dgospel.com.br\/portal\/index.php\/wp-json\/wp\/v2\/tags?post=12845"}],"curies":[{"name":"wp","href":"https:\/\/api.w.org\/{rel}","templated":true}]}}