{"id":12851,"date":"2022-10-11T11:56:53","date_gmt":"2022-10-11T14:56:53","guid":{"rendered":"http:\/\/dgospel.com.br\/portal\/?p=12851"},"modified":"2022-10-11T11:56:55","modified_gmt":"2022-10-11T14:56:55","slug":"cni-projeta-crescimento-de-31-da-economia-brasileira-em-2022","status":"publish","type":"post","link":"https:\/\/dgospel.com.br\/portal\/index.php\/2022\/10\/11\/cni-projeta-crescimento-de-31-da-economia-brasileira-em-2022\/","title":{"rendered":"CNI projeta crescimento de 3,1% da economia brasileira em 2022"},"content":{"rendered":"\n<p>A&nbsp;<a href=\"https:\/\/noticias.r7.com\/economia\/cni-faz-7-propostas-da-industria-para-pib-e-emprego-no-proximo-governo-02102022\"><strong>CNI (Confedera\u00e7\u00e3o Nacional da Ind\u00fastria)<\/strong><\/a>&nbsp;revisou a proje\u00e7\u00e3o para a economia brasileira e prev\u00ea crescimento de 3,1% neste ano. A estimativa anterior para o PIB (Produto Interno Bruto), que \u00e9 a soma de toda produ\u00e7\u00e3o e servi\u00e7o do pa\u00eds, era de alta de 1,4%. Os dados fazem parte do Informe Conjuntural do 3\u00ba Trimestre, divulgado nesta ter\u00e7a-feira (11).<\/p>\n\n\n\n<p>A revis\u00e3o positiva ocorre ap\u00f3s mudan\u00e7as de cen\u00e1rio no primeiro semestre, segundo a CNI. Entre os motivos apontados pela ind\u00fastria est\u00e3o a melhora das cadeias produtivas, o&nbsp;<a href=\"https:\/\/noticias.r7.com\/economia\/desemprego-cai-a-89-e-atinge-97-milhoes-de-brasileiros-em-agosto-30092022\"><strong>aumento do emprego e da renda<\/strong><\/a>&nbsp;e a desacelera\u00e7\u00e3o da infla\u00e7\u00e3o. A previs\u00e3o para o PIB industrial tamb\u00e9m aumentou, de 0,2% projetado anteriormente para 2%.&nbsp;<\/p>\n\n\n\n<p>Mesmo com a\u00a0<a href=\"https:\/\/noticias.r7.com\/internacional\/russia-x-ucrania\"><strong>guerra entre R\u00fassia e Ucr\u00e2nia<\/strong><\/a>, que j\u00e1 dura quase oito meses, de novos riscos no cen\u00e1rio internacional e das paralisa\u00e7\u00f5es em cidades na China devido \u00e0 Covid, houve normaliza\u00e7\u00e3o parcial das cadeias de suprimentos.<\/p>\n\n\n\n<p>&#8220;A ind\u00fastria tem tido sucesso na busca por alternativas para reduzir e contornar o problema da falta de insumos. A produ\u00e7\u00e3o industrial manteve ritmo de crescimento, ainda que moderado, pela maior parte do ano at\u00e9 o momento&#8221;, ressalta o Informe Conjuntural do 3\u00ba Trimestre.<\/p>\n\n\n\n<p>A ind\u00fastria da constru\u00e7\u00e3o, que j\u00e1 mostrava um desempenho positivo, recebeu novo impulso com a amplia\u00e7\u00e3o do Casa Verde e Amarela, programa de financiamento \u00e0 habita\u00e7\u00e3o do governo federal. J\u00e1 o setor de servi\u00e7os segue em crescimento, com a normaliza\u00e7\u00e3o de suas atividades no p\u00f3s-pandemia, sobretudo aquelas ligadas \u00e0 mobilidade das pessoas. Com isso, a proje\u00e7\u00e3o desse setor passou de alta de 1,8% para alta de 3,8%.<\/p>\n\n\n\n<p>O presidente da CNI, Robson Braga de Andrade, afirma que \u00e9 importante que o ritmo de crescimento projetado para 2022 seja mantido nos pr\u00f3ximos anos. \u201cO Brasil precisa crescer de forma sustentada, elevar a renda m\u00e9dia da popula\u00e7\u00e3o e colocar-se entre os pa\u00edses mais desenvolvidos. Para isso, devemos implementar, com urg\u00eancia, a\u00e7\u00f5es consistentes que incentivem os investimentos e aumentem a competividade e a produtividade das empresas\u201d, afirma Andrade.<\/p>\n\n\n\n<p>Segundo ele, \u00e9 fundamental que pautas principais avancem no Congresso Nacional, como a reforma tribut\u00e1ria que est\u00e1 em discuss\u00e3o no Senado. \u201cEstamos seguros de que deputados e senadores continuar\u00e3o dando as respostas de que o pa\u00eds necessita, mobilizando-se, discutindo, votando e aprovando os projetos adequados, sobretudo a proposta que moderniza o principal gargalo para as empresas do pa\u00eds, que \u00e9 o nosso sistema tribut\u00e1rio\u201d, avalia o presidente da CNI.<\/p>\n\n\n\n<h3>Mercado de trabalho<\/h3>\n\n\n\n<p>O gerente-executivo de economia da CNI, M\u00e1rio S\u00e9rgio Telles, explica que a atividade de servi\u00e7os mais aquecida impulsionou o mercado de trabalho, com o aumento significativo do n\u00famero de pessoas ocupadas. Em 2022, essa trajet\u00f3ria foi acompanhada pelo avan\u00e7o do rendimento m\u00e9dio, o que n\u00e3o havia acontecido em 2021.<\/p>\n\n\n\n<p>A recupera\u00e7\u00e3o do mercado de trabalho segue consistente no terceiro trimestre, encerrado em agosto, com o emprego em eleva\u00e7\u00e3o, totalizando 99 milh\u00f5es de pessoas ocupadas. Com isso, a m\u00e9dia da expectativa de taxa de desemprego no ano caiu de 10,8% para 9,3%, e a expectativa de crescimento da massa salarial real passou de 1,6% para 5,1%, beneficiada tamb\u00e9m pela queda da infla\u00e7\u00e3o<\/p>\n\n\n\n<p>&#8220;Al\u00e9m disso, novos impulsos fiscais tiveram in\u00edcio no terceiro trimestre, como o aumento do valor do benef\u00edcio Aux\u00edlio Brasil e a cria\u00e7\u00e3o do aux\u00edlio a caminhoneiros e taxistas, e dar\u00e3o sustenta\u00e7\u00e3o ao consumo&#8221;, afirma Telles.<\/p>\n\n\n\n<h3>Infla\u00e7\u00e3o<\/h3>\n\n\n\n<p>A infla\u00e7\u00e3o desacelerou fortemente a partir de maio de 2022, com varia\u00e7\u00e3o negativa de pre\u00e7os em julho, agosto e na pr\u00e9via de setembro, avalia o informe da CNI. Essa queda da infla\u00e7\u00e3o se deve n\u00e3o s\u00f3 \u00e0 forte influ\u00eancia das desonera\u00e7\u00f5es tribut\u00e1rias sobre energia, combust\u00edveis e telefonia como tamb\u00e9m \u00e0 desacelera\u00e7\u00e3o na alta dos pre\u00e7os industriais e de alimentos, avalia a CNI. A proje\u00e7\u00e3o de infla\u00e7\u00e3o da ind\u00fastria para este ano \u00e9 de 5,9%.<\/p>\n\n\n\n<p>\u201cEssa queda na infla\u00e7\u00e3o tamb\u00e9m contribui para a recomposi\u00e7\u00e3o do rendimento m\u00e9dio real e da massa salarial real e, consequentemente, do poder de compra das fam\u00edlias e do consumo\u201d, explica Telles.<\/p>\n\n\n\n<p>Outro destaque para a CNI s\u00e3o as exporta\u00e7\u00f5es e importa\u00e7\u00f5es, que permanecem com crescimento vigoroso neste ano, alavancadas principalmente pelos pre\u00e7os. A previs\u00e3o para 2022 \u00e9 de super\u00e1vit da balan\u00e7a comercial em US$ 51,3 bilh\u00f5es. &#8220;Exporta\u00e7\u00f5es devem superar importa\u00e7\u00f5es em US$ 51,3 bilh\u00f5es&#8221;, prev\u00ea a CNI.<\/p>\n","protected":false},"excerpt":{"rendered":"<p>A&nbsp;CNI (Confedera\u00e7\u00e3o Nacional da Ind\u00fastria)&nbsp;revisou a proje\u00e7\u00e3o para a economia brasileira e prev\u00ea crescimento de 3,1% neste ano. A estimativa anterior para o PIB (Produto Interno Bruto), que \u00e9 a soma de toda produ\u00e7\u00e3o e servi\u00e7o do pa\u00eds, era de alta de 1,4%. Os dados fazem parte do Informe Conjuntural do 3\u00ba Trimestre, divulgado nesta [&hellip;]<\/p>\n","protected":false},"author":2,"featured_media":12852,"comment_status":"open","ping_status":"open","sticky":false,"template":"","format":"standard","meta":[],"categories":[10],"tags":[],"_links":{"self":[{"href":"https:\/\/dgospel.com.br\/portal\/index.php\/wp-json\/wp\/v2\/posts\/12851"}],"collection":[{"href":"https:\/\/dgospel.com.br\/portal\/index.php\/wp-json\/wp\/v2\/posts"}],"about":[{"href":"https:\/\/dgospel.com.br\/portal\/index.php\/wp-json\/wp\/v2\/types\/post"}],"author":[{"embeddable":true,"href":"https:\/\/dgospel.com.br\/portal\/index.php\/wp-json\/wp\/v2\/users\/2"}],"replies":[{"embeddable":true,"href":"https:\/\/dgospel.com.br\/portal\/index.php\/wp-json\/wp\/v2\/comments?post=12851"}],"version-history":[{"count":1,"href":"https:\/\/dgospel.com.br\/portal\/index.php\/wp-json\/wp\/v2\/posts\/12851\/revisions"}],"predecessor-version":[{"id":12853,"href":"https:\/\/dgospel.com.br\/portal\/index.php\/wp-json\/wp\/v2\/posts\/12851\/revisions\/12853"}],"wp:featuredmedia":[{"embeddable":true,"href":"https:\/\/dgospel.com.br\/portal\/index.php\/wp-json\/wp\/v2\/media\/12852"}],"wp:attachment":[{"href":"https:\/\/dgospel.com.br\/portal\/index.php\/wp-json\/wp\/v2\/media?parent=12851"}],"wp:term":[{"taxonomy":"category","embeddable":true,"href":"https:\/\/dgospel.com.br\/portal\/index.php\/wp-json\/wp\/v2\/categories?post=12851"},{"taxonomy":"post_tag","embeddable":true,"href":"https:\/\/dgospel.com.br\/portal\/index.php\/wp-json\/wp\/v2\/tags?post=12851"}],"curies":[{"name":"wp","href":"https:\/\/api.w.org\/{rel}","templated":true}]}}