{"id":12854,"date":"2022-10-11T14:49:06","date_gmt":"2022-10-11T17:49:06","guid":{"rendered":"http:\/\/dgospel.com.br\/portal\/?p=12854"},"modified":"2022-10-11T14:49:07","modified_gmt":"2022-10-11T17:49:07","slug":"casa-de-oracao-de-jerusalem-convoca-jejum-e-oracao-pelo-brasil","status":"publish","type":"post","link":"https:\/\/dgospel.com.br\/portal\/index.php\/2022\/10\/11\/casa-de-oracao-de-jerusalem-convoca-jejum-e-oracao-pelo-brasil\/","title":{"rendered":"Casa de ora\u00e7\u00e3o de Jerusal\u00e9m convoca jejum e ora\u00e7\u00e3o pelo Brasil"},"content":{"rendered":"\n<p>Durante dias de intercess\u00e3o em meio \u00e0s festas judaicas em Israel, o fundador da Casa de Ora\u00e7\u00e3o de Jerusal\u00e9m para Todas as Na\u00e7\u00f5es (JHOPFAN) convocou 10 dias de jejum e ora\u00e7\u00e3o pelo destino das elei\u00e7\u00f5es.<\/p>\n\n\n\n<p>\u201cNo dia 30 de outubro haver\u00e1 elei\u00e7\u00f5es novamente, mas de muitos candidatos, ser\u00e3o apenas dois candidatos. Quantas pessoas acreditam que n\u00f3s temos que ficar na brecha? Porque o avan\u00e7o do Brasil come\u00e7ou, mas ainda n\u00e3o terminou\u201d, disse&nbsp;<a href=\"https:\/\/guiame.com.br\/tudo-sobre?tag=Tom+Hess\"><strong>Tom Hess<\/strong><\/a>&nbsp;no s\u00e1bado (8), durante um encontro da Convoca\u00e7\u00e3o de Todas as Na\u00e7\u00f5es no Mar da Galileia.<\/p>\n\n\n\n<p>Hess lembrou que, dentro de um per\u00edodo de 10 dias, acontecer\u00e3o tr\u00eas grandes elei\u00e7\u00f5es no mundo: as elei\u00e7\u00f5es presidenciais do Brasil em 30 de outubro, as elei\u00e7\u00f5es legislativas de Israel em 1 de novembro e as elei\u00e7\u00f5es de meio mandato dos Estados Unidos em 8 de novembro.<\/p>\n\n\n\n<p>\u201cVamos convocar 10 dias de jejum e ora\u00e7\u00e3o. Espero que voc\u00eas possam se juntar a n\u00f3s, pois percebemos o qu\u00e3o vitais e importantes s\u00e3o essas tr\u00eas elei\u00e7\u00f5es para o prop\u00f3sito de Deus e do Seu Reino\u201d, destacou Hess. \u201cVamos crer em Deus para um grande avan\u00e7o nos governos das na\u00e7\u00f5es neste pr\u00f3ximo ano.\u201d<\/p>\n\n\n\n<p>E concluiu: \u201cDeus \u00e9 o Deus do rompimento. Esperamos que no ano que vem, quando retornarmos em nosso encontro em Israel, Deus traga um grande avan\u00e7o nessas elei\u00e7\u00f5es e possamos comemorar juntos!\u201d<\/p>\n\n\n\n<p><strong>Diversas na\u00e7\u00f5es oram pelo Brasil em Jerusal\u00e9m<\/strong><\/p>\n\n\n\n<p>O s\u00e1bado, 9 de outubro, foi o encerramento da Convoca\u00e7\u00e3o de Todas as Na\u00e7\u00f5es, promovida pela JHOPFAN. L\u00edderes de todo o mundo se reuniram em Jerusal\u00e9m para interceder pelas na\u00e7\u00f5es.<\/p>\n\n\n\n<p>Representando o Brasil, estava o&nbsp;<a href=\"https:\/\/guiame.com.br\/tudo-sobre?tag=Joel+Engel\"><strong>pastor Joel Engel<\/strong><\/a>, que tem destacado a import\u00e2ncia da ora\u00e7\u00e3o em momentos decisivos para a na\u00e7\u00e3o.<\/p>\n\n\n\n<p><img src=\"https:\/\/thumbor.guiame.com.br\/unsafe\/smart\/https:\/\/media.guiame.com.br\/archives\/2022\/10\/11\/1388082361-.png\" alt=\"\" width=\"600\"><br><sup>Pastor Joel Engel e Tom Hess, fundador da JHOPFAN. (Foto: Minist\u00e9rio Engel)<\/sup><\/p>\n\n\n\n<p>\u201cNada funciona sem ora\u00e7\u00e3o. Muita ora\u00e7\u00e3o, muito poder. Pouca ora\u00e7\u00e3o, pouco poder. Nenhuma ora\u00e7\u00e3o, nenhum poder. O Brasil precisa de homens e mulheres que entendam a urg\u00eancia da ora\u00e7\u00e3o\u201d, disse ele ao&nbsp;<strong>Guiame<\/strong>&nbsp;na \u00faltima semana.<\/p>\n\n\n\n<p>Engel estabeleceu na cidade de Faxinal do Soturno, no Rio Grande do Sul, um monte de ora\u00e7\u00e3o 24\/7, onde intercessores t\u00eam se reunido para orar pelo destino do Pa\u00eds.<\/p>\n\n\n\n<p>Ele esteve na Convoca\u00e7\u00e3o em Jerusal\u00e9m pela primeira vez em 2018, durante um per\u00edodo em que estava em ora\u00e7\u00e3o intensa pelo Brasil. Foi ali que ele conheceu Tom Hess, fundador da JHOPFAN.<\/p>\n\n\n\n<p>\u201cJunto com os l\u00edderes das Am\u00e9ricas e de outras na\u00e7\u00f5es, eu apresentei a situa\u00e7\u00e3o do Brasil, quanto a quest\u00e3o do comunismo. V\u00e1rios pastores, principalmente de pa\u00edses vizinhos do Brasil, vieram a mim dizendo que Deus mostrava o Brasil como uma pedra de esquina: aquilo que acontecer com o Brasil, aconteceria com as na\u00e7\u00f5es vizinhas, se espalhando pelo mundo\u201d, relatou.<\/p>\n\n\n\n<p>Por isso, Engel tem esperan\u00e7a de ver uma mudan\u00e7a na na\u00e7\u00e3o brasileira: \u201cO Brasil \u00e9 escolhido por Deus. Assim como Israel \u00e9 escolhido por Deus para ter o povo judeu e as leis de Mois\u00e9s, temos tamb\u00e9m uma na\u00e7\u00e3o que Deus escolheu para de fato entronizar e coroar o Seu filho, o nosso Senhor Jesus, governador do mundo.\u201d<\/p>\n","protected":false},"excerpt":{"rendered":"<p>Durante dias de intercess\u00e3o em meio \u00e0s festas judaicas em Israel, o fundador da Casa de Ora\u00e7\u00e3o de Jerusal\u00e9m para Todas as Na\u00e7\u00f5es (JHOPFAN) convocou 10 dias de jejum e ora\u00e7\u00e3o pelo destino das elei\u00e7\u00f5es. \u201cNo dia 30 de outubro haver\u00e1 elei\u00e7\u00f5es novamente, mas de muitos candidatos, ser\u00e3o apenas dois candidatos. Quantas pessoas acreditam que [&hellip;]<\/p>\n","protected":false},"author":2,"featured_media":12855,"comment_status":"open","ping_status":"open","sticky":false,"template":"","format":"standard","meta":[],"categories":[5],"tags":[],"_links":{"self":[{"href":"https:\/\/dgospel.com.br\/portal\/index.php\/wp-json\/wp\/v2\/posts\/12854"}],"collection":[{"href":"https:\/\/dgospel.com.br\/portal\/index.php\/wp-json\/wp\/v2\/posts"}],"about":[{"href":"https:\/\/dgospel.com.br\/portal\/index.php\/wp-json\/wp\/v2\/types\/post"}],"author":[{"embeddable":true,"href":"https:\/\/dgospel.com.br\/portal\/index.php\/wp-json\/wp\/v2\/users\/2"}],"replies":[{"embeddable":true,"href":"https:\/\/dgospel.com.br\/portal\/index.php\/wp-json\/wp\/v2\/comments?post=12854"}],"version-history":[{"count":1,"href":"https:\/\/dgospel.com.br\/portal\/index.php\/wp-json\/wp\/v2\/posts\/12854\/revisions"}],"predecessor-version":[{"id":12856,"href":"https:\/\/dgospel.com.br\/portal\/index.php\/wp-json\/wp\/v2\/posts\/12854\/revisions\/12856"}],"wp:featuredmedia":[{"embeddable":true,"href":"https:\/\/dgospel.com.br\/portal\/index.php\/wp-json\/wp\/v2\/media\/12855"}],"wp:attachment":[{"href":"https:\/\/dgospel.com.br\/portal\/index.php\/wp-json\/wp\/v2\/media?parent=12854"}],"wp:term":[{"taxonomy":"category","embeddable":true,"href":"https:\/\/dgospel.com.br\/portal\/index.php\/wp-json\/wp\/v2\/categories?post=12854"},{"taxonomy":"post_tag","embeddable":true,"href":"https:\/\/dgospel.com.br\/portal\/index.php\/wp-json\/wp\/v2\/tags?post=12854"}],"curies":[{"name":"wp","href":"https:\/\/api.w.org\/{rel}","templated":true}]}}