{"id":12857,"date":"2022-10-11T15:01:00","date_gmt":"2022-10-11T18:01:00","guid":{"rendered":"http:\/\/dgospel.com.br\/portal\/?p=12857"},"modified":"2022-10-11T15:01:01","modified_gmt":"2022-10-11T18:01:01","slug":"governo-do-tocantins-entrega-735-computadores-que-vao-beneficiar-1-859-estudantes-em-20-escolas-estaduais","status":"publish","type":"post","link":"https:\/\/dgospel.com.br\/portal\/index.php\/2022\/10\/11\/governo-do-tocantins-entrega-735-computadores-que-vao-beneficiar-1-859-estudantes-em-20-escolas-estaduais\/","title":{"rendered":"Governo do Tocantins entrega 735 computadores que v\u00e3o beneficiar 1.859 estudantes em 20 escolas estaduais"},"content":{"rendered":"\n<p>O Governo do Tocantins, por meio da Secretaria de Estado da Educa\u00e7\u00e3o (Seduc), entregou nesta ter\u00e7a-feira, 11, mais de 700 Chromebooks, que s\u00e3o um novo tipo de computador projetado para ajudar a realizar tarefas de modo mais r\u00e1pido e que v\u00e3o beneficiar 20 escolas da rede estadual. O governador Wanderlei Barbosa participou da entrega, que ocorreu na sala de reuni\u00f5es, da sede da Seduc, localizada na Pra\u00e7a dos Girass\u00f3is, em Palmas, e refor\u00e7ou o compromisso da gest\u00e3o com a educa\u00e7\u00e3o, sobretudo, do ensino profissional t\u00e9cnico.<\/p>\n\n\n\n<p>\u201cFazemos essa entrega com muita alegria para levar tecnologia \u00e0s escolas e facilitar a vida do estudante e tamb\u00e9m dos nossos profissionais de educa\u00e7\u00e3o. Vamos fazer muito mais pela educa\u00e7\u00e3o e investir tanto na estrutura f\u00edsica das unidades escolares quanto na valoriza\u00e7\u00e3o dos nossos professores\u201d, afirmou Wanderlei Barbosa.<br><br>Os equipamentos foram adquiridos por meio de conv\u00eanio federal com o Programa Brasil Profissionalizado em contrapartida com o Estado, totalizando um investimento no valor de R$ 2.022.636,48. Com essa entrega, ser\u00e3o beneficiados estudantes de unidades de ensino das Diretorias Regionais de Educa\u00e7\u00e3o em Araguatins, Arraias, Colinas do Tocantins, Dian\u00f3polis, Gurupi, Miracema do Tocantins, Palmas, Pedro Afonso, Porto Nacional e Tocantin\u00f3polis.<br><br>S\u00e3o 20 unidades escolares que ofertam a Educa\u00e7\u00e3o Profissional T\u00e9cnica de N\u00edvel M\u00e9dio, do Ensino M\u00e9dio Integrado (EMI); do Programa Nacional de Integra\u00e7\u00e3o da Educa\u00e7\u00e3o Profissional com a Educa\u00e7\u00e3o B\u00e1sica na Modalidade Educa\u00e7\u00e3o de Jovens e Adultos (Proeja); e da Educa\u00e7\u00e3o Profissional e Tecnol\u00f3gica (EPT).<br><br>O projeto de equipar as escolas est\u00e1 sendo implementado na atual Gest\u00e3o, o que, para o secret\u00e1rio de Estado da Educa\u00e7\u00e3o, F\u00e1bio Vaz, \u00e9 uma marca da atual administra\u00e7\u00e3o. \u201cEssa entrega \u00e9 fruto de um trabalho conjunto. S\u00e3o 20 escolas que ser\u00e3o beneficiadas hoje com computadores e que ajudar\u00e3o muito na educa\u00e7\u00e3o estadual. Fico grato em participar desse momento e parabenizo toda a equipe pelo trabalho, pois s\u00f3 fazemos boa educa\u00e7\u00e3o com pessoas qualificadas e comprometidas. A nossa proposta \u00e9 que todas as escolas da rede p\u00fablica estadual sejam equipadas a partir de 2023\u201d, ressaltou o secret\u00e1rio de Estado da Educa\u00e7\u00e3o.<br><br>A superintendente de Educa\u00e7\u00e3o Cient\u00edfica, Tecnol\u00f3gica e Profissional da Seduc, Cristiane Pina, mencionou que o momento \u00e9 de muita comemora\u00e7\u00e3o, j\u00e1 que a Seduc trabalha na aquisi\u00e7\u00e3o dos equipamentos desde 2008. \u201cN\u00f3s conseguimos fazer uma mobiliza\u00e7\u00e3o, uma for\u00e7a-tarefa dentro da pasta. Foi um trabalho de muitas m\u00e3os e esfor\u00e7o para que o projeto fosse executado. Conseguimos gra\u00e7as \u00e0 determina\u00e7\u00e3o e \u00e0 lideran\u00e7a da atual gest\u00e3o. Tudo isso \u00e9 um anseio, n\u00e3o somente da equipe da Seduc, mas tamb\u00e9m dos nossos professores e alunos\u201d, celebrou Cristiane.<\/p>\n\n\n\n<p>No munic\u00edpio de Ponte Alta, na regi\u00e3o do Jalap\u00e3o, os computadores ser\u00e3o direcionados para o Col\u00e9gio Estadual Odolfo Soares. A diretora da unidade de ensino, professora K\u00e1tia Maria Tavares, expressou que os Chromebooks ir\u00e3o ajudar de forma significativa na educa\u00e7\u00e3o dos alunos da cidade, que precisam muito de incentivo tecnol\u00f3gico. \u201c\u00c9 um momento de muita alegria receber mais uma ferramenta que, com certeza, contribuir\u00e1 muito para o aprendizado dos alunos. A expectativa \u00e9 imensa com mais essa ferramenta que vai somar\u201d, afirmou a diretora.<br><br>J\u00e1 o diretor do Col\u00e9gio Agropecu\u00e1rio de Natividade, Odair Jos\u00e9 Moura, comentou sobre a aquisi\u00e7\u00e3o dos equipamentos e como eles possibilitam o ensino din\u00e2mico, contribuindo para melhorias no ensino como um todo e mais ainda no profissionalizante. \u201cA nossa escola \u00e9 uma institui\u00e7\u00e3o profissionalizante e n\u00f3s sabemos hoje que esse tipo de ensino precisa estar mais conectado do que nunca. N\u00f3s trabalhamos com um curso agropecu\u00e1rio, que atualmente \u00e9 um setor que oferece in\u00fameras ferramentas que est\u00e3o dispon\u00edveis na internet, principalmente quando trabalhamos com agricultura de precis\u00e3o. Esses equipamentos ajudar\u00e3o muito os nossos alunos\u201d, destacou Odair.<br><br>Os Chromebooks s\u00e3o armazenados em um carrinho de recarga. Cada carro de recarga comporta 40 computadores, que podem ser recarregados de forma simult\u00e2nea e c\u00e9lere. O Chromebook se difere do notebook, por exemplo, por possuir sistema espec\u00edfico, operando sobre um hardware focado, o que possibilita melhor performance em execu\u00e7\u00e3o, que vai do uso de sistema e programas, ao acesso \u00e0 internet. Essa a\u00e7\u00e3o est\u00e1 promovendo a inclus\u00e3o digital de 1.859 estudantes, distribu\u00eddos em 23 cursos t\u00e9cnicos, que t\u00eam a tecnologia como um dos princ\u00edpios da Educa\u00e7\u00e3o Profissional e Tecnol\u00f3gica.<\/p>\n\n\n\n<p><\/p>\n\n\n\n<p><img src=\"https:\/\/central.to.gov.br\/image\/305236?w=670&amp;h=383\"><\/p>\n\n\n\n<p>Secret\u00e1rio da Seduc, F\u00e1bio Vaz, ressaltou que projeto estava parado desde 2008 e que a entrega dos computadores \u00e9 uma marca da atual administra\u00e7\u00e3o &#8211; Zezinha Carvalho\/Governo do Tocantins\u00a0<\/p>\n\n\n\n<p><img src=\"https:\/\/central.to.gov.br\/image\/305237?w=670&amp;h=383\"><\/p>\n\n\n\n<p>Superintendente de Educa\u00e7\u00e3o Cient\u00edfica, Tecnol\u00f3gica e Profissional da Seduc, Cristiane Pina, disse que o momento \u00e9 de muita comemora\u00e7\u00e3o dentro da pasta &#8211; Zezinha Carvalho\/Governo do Tocantins<\/p>\n\n\n\n<p><img src=\"https:\/\/central.to.gov.br\/image\/305238?w=670&amp;h=383\"><\/p>\n\n\n\n<p>Diretora do Col\u00e9gio Estadual Odolfo Soares, a professora K\u00e1tia Maria Tavares, expressou que os Chromebooks v\u00e3o ajudar de forma significativa na educa\u00e7\u00e3o dos alunos da cidade &#8211; Zezinha Carvalho\/Governo do Tocantins\u00a0<\/p>\n\n\n\n<p><img src=\"https:\/\/central.to.gov.br\/image\/305239?w=670&amp;h=383\"><\/p>\n\n\n\n<p>Diretor do Col\u00e9gio Agropecu\u00e1rio de Natividade, Odair Jos\u00e9 Moura, comentou sobre a aquisi\u00e7\u00e3o dos equipamentos e como eles possibilitam o ensino din\u00e2mico dentro da escola &#8211; Zezinha Carvalho\/Governo do Tocantins\u00a0<\/p>\n\n\n\n<p><img src=\"https:\/\/central.to.gov.br\/image\/305240?w=670&amp;h=383\"><\/p>\n\n\n\n<p>Chromebooks s\u00e3o armazenados em um carrinho de recarga; cada carro de recarga comporta 40 computadores, que podem ser recarregados de forma simult\u00e2nea e c\u00e9lere &#8211; Zezinha Carvalho\/Governo do Tocantins<\/p>\n","protected":false},"excerpt":{"rendered":"<p>O Governo do Tocantins, por meio da Secretaria de Estado da Educa\u00e7\u00e3o (Seduc), entregou nesta ter\u00e7a-feira, 11, mais de 700 Chromebooks, que s\u00e3o um novo tipo de computador projetado para ajudar a realizar tarefas de modo mais r\u00e1pido e que v\u00e3o beneficiar 20 escolas da rede estadual. O governador Wanderlei Barbosa participou da entrega, que [&hellip;]<\/p>\n","protected":false},"author":2,"featured_media":12858,"comment_status":"open","ping_status":"open","sticky":false,"template":"","format":"standard","meta":[],"categories":[3],"tags":[13],"_links":{"self":[{"href":"https:\/\/dgospel.com.br\/portal\/index.php\/wp-json\/wp\/v2\/posts\/12857"}],"collection":[{"href":"https:\/\/dgospel.com.br\/portal\/index.php\/wp-json\/wp\/v2\/posts"}],"about":[{"href":"https:\/\/dgospel.com.br\/portal\/index.php\/wp-json\/wp\/v2\/types\/post"}],"author":[{"embeddable":true,"href":"https:\/\/dgospel.com.br\/portal\/index.php\/wp-json\/wp\/v2\/users\/2"}],"replies":[{"embeddable":true,"href":"https:\/\/dgospel.com.br\/portal\/index.php\/wp-json\/wp\/v2\/comments?post=12857"}],"version-history":[{"count":1,"href":"https:\/\/dgospel.com.br\/portal\/index.php\/wp-json\/wp\/v2\/posts\/12857\/revisions"}],"predecessor-version":[{"id":12859,"href":"https:\/\/dgospel.com.br\/portal\/index.php\/wp-json\/wp\/v2\/posts\/12857\/revisions\/12859"}],"wp:featuredmedia":[{"embeddable":true,"href":"https:\/\/dgospel.com.br\/portal\/index.php\/wp-json\/wp\/v2\/media\/12858"}],"wp:attachment":[{"href":"https:\/\/dgospel.com.br\/portal\/index.php\/wp-json\/wp\/v2\/media?parent=12857"}],"wp:term":[{"taxonomy":"category","embeddable":true,"href":"https:\/\/dgospel.com.br\/portal\/index.php\/wp-json\/wp\/v2\/categories?post=12857"},{"taxonomy":"post_tag","embeddable":true,"href":"https:\/\/dgospel.com.br\/portal\/index.php\/wp-json\/wp\/v2\/tags?post=12857"}],"curies":[{"name":"wp","href":"https:\/\/api.w.org\/{rel}","templated":true}]}}