{"id":12860,"date":"2022-10-13T15:07:21","date_gmt":"2022-10-13T18:07:21","guid":{"rendered":"http:\/\/dgospel.com.br\/portal\/?p=12860"},"modified":"2022-10-13T15:07:23","modified_gmt":"2022-10-13T18:07:23","slug":"missionario-confirma-relato-de-damares-sobre-trafico-de-criancas-vi-coisas-terriveis","status":"publish","type":"post","link":"https:\/\/dgospel.com.br\/portal\/index.php\/2022\/10\/13\/missionario-confirma-relato-de-damares-sobre-trafico-de-criancas-vi-coisas-terriveis\/","title":{"rendered":"Mission\u00e1rio confirma relato de Damares sobre tr\u00e1fico de crian\u00e7as: \u201cVi coisas terr\u00edveis\u201d"},"content":{"rendered":"\n<p>Uma den\u00fancia feita por&nbsp;<a href=\"https:\/\/guiame.com.br\/tudo-sobre?tag=damares+alves\"><strong>Damares Alves<\/strong><\/a>, senadora eleita pelo Distrito Federal, tem provocado a rea\u00e7\u00e3o da imprensa, de \u00f3rg\u00e3os p\u00fablicos e tamb\u00e9m de crist\u00e3os.<\/p>\n\n\n\n<p>Em um culto na Igreja Assembleia de Deus Minist\u00e9rio Fama, em Goi\u00e2nia, no s\u00e1bado (8), Damares revelou que descobriu crimes horrendos contra crian\u00e7as, quando estava \u00e0 frente do Minist\u00e9rio da Mulher, Fam\u00edlia e Direitos Humanos.<\/p>\n\n\n\n<p>\u201cQuando abri as gavetas do minist\u00e9rio eu me apavorei. Estava sendo escondido de n\u00f3s dados, como por exemplo, desaparecem no Brasil entre 9 e 11 mil crian\u00e7as por ano. \u00c9 espiritual, irm\u00e3os! Onde est\u00e3o essas crian\u00e7as?\u201d, disse Damares.<\/p>\n\n\n\n<p>A ex-ministra relatou que a Ilha do Maraj\u00f3, no Par\u00e1, \u00e9 foco principal da viol\u00eancia contra crian\u00e7as e adolescentes. \u201cFomos para o Maraj\u00f3, e l\u00e1 n\u00f3s descobrimos que nossas crian\u00e7as estavam sendo traficadas por l\u00e1. Maraj\u00f3 faz fronteira com o mundo, Suriname, Guiana\u201d, afirmou.<\/p>\n\n\n\n<p>\u201cVou contar uma coisa para voc\u00eas, que agora eu posso falar. N\u00f3s temos imagens de nossas crian\u00e7as brasileiras, de tr\u00eas, quatro anos, que quando cruzam as fronteiras sequestradas, os seus dentinhos s\u00e3o arrancados, para elas n\u00e3o morderem no sexo oral\u201d, detalhou.<\/p>\n\n\n\n<p>\u201cEssa \u00e9 a na\u00e7\u00e3o que ainda temos irm\u00e3os\u201d, continuou. \u201cDescobrimos que essas crian\u00e7as comem comida pastosa para o intestino ficar livre na hora do sexo anal.\u201d<\/p>\n\n\n\n<figure class=\"wp-block-embed is-type-video is-provider-youtube wp-block-embed-youtube wp-embed-aspect-16-9 wp-has-aspect-ratio\"><div class=\"wp-block-embed__wrapper\">\n<iframe loading=\"lazy\" title=\"08\/10\/2022 - S\u00e1bado - Primeira-Dama Michelle Bolsonaro - Culto \u00e0s 19H.\" width=\"630\" height=\"354\" src=\"https:\/\/www.youtube.com\/embed\/FVhvf6iSMpg?start=3436&#038;feature=oembed\" frameborder=\"0\" allow=\"accelerometer; autoplay; clipboard-write; encrypted-media; gyroscope; picture-in-picture\" allowfullscreen><\/iframe>\n<\/div><\/figure>\n\n\n\n<p>O mission\u00e1rio Max Dacampo, diplomata humanit\u00e1rio internacional pela Jethro International, que realiza um trabalho com ribeirinhos, confirmou o relato da ex-ministra por meio de suas experi\u00eancias no campo.<\/p>\n\n\n\n<p>\u201cMuitas pessoas vieram me perguntar sobre o v\u00eddeo da Damares, se aquilo era verdade. Eu estive na Turquia trabalhando com crian\u00e7as refugiadas da guerra da S\u00edria, eu vi e ouvi coisas terr\u00edveis, que nem vou falar aqui. Depois da Turquia eu fui para Brumadinho, depois do rompimento da barragem, onde fiquei tr\u00eas anos. Eu vi e ouvi hist\u00f3rias que nem podem passar pela cabe\u00e7a de voc\u00eas.\u201d<\/p>\n\n\n\n<p>E revelou detalhes cru\u00e9is: \u201cEu vi e ouvi hist\u00f3rias sobre crian\u00e7as do Amazonas terr\u00edveis. Hist\u00f3rias de crian\u00e7as que fazem sexo oral por 5 reais.\u201d<\/p>\n\n\n\n<p>\u201cPor que voc\u00ea nunca ouviu falar disso? Porque voc\u00ea n\u00e3o levanta a bunda da cadeira da sua igreja para saber o que est\u00e1 acontecendo l\u00e1 fora\u201d, disse Max. \u201cO que mais me d\u00f3i o cora\u00e7\u00e3o \u00e9 saber que tem muita gente que pode ajudar e fazer a diferen\u00e7a, mas n\u00e3o faz nada.\u201d<\/p>\n\n\n\n<p>A den\u00fancia de Damares repercutiu pela imprensa pelo fato de ter sido apresentada \u201csem provas\u201d.&nbsp;<\/p>\n\n\n\n<p>Nesta ter\u00e7a-feira (11), a Procuradoria Federal dos Direitos do Cidad\u00e3o (PFDC), do Minist\u00e9rio P\u00fablico Federal do Par\u00e1 (MPF), solicitou que o Minist\u00e9rio da Mulher, da Fam\u00edlia e dos Direitos Humanos (MMFDH) informe todas as den\u00fancias recebidas pela pasta, em tr\u00e2mite ou n\u00e3o, nos \u00faltimos sete anos.<\/p>\n\n\n\n<p>Em resposta, o Minist\u00e9rio da Mulher, da Fam\u00edlia e dos Direitos Humanos (MDH) esclareceu que as declara\u00e7\u00f5es de Damares s\u00e3o fundamentadas em numerosos inqu\u00e9ritos instaurados para apurar fatos grav\u00edssimos praticados contra crian\u00e7as e adolescentes no pa\u00eds.<\/p>\n\n\n\n<p>A nota diz que o programa Abrace o Maraj\u00f3 foi criado justamente como resposta \u00e0 vulnerabilidade social, econ\u00f4mica e ambiental e que desde 2020 cerca de R$ 950 milh\u00f5es foram investidos em iniciativas para o desenvolvimento econ\u00f4mico e social do arquip\u00e9lago.&nbsp;<\/p>\n\n\n\n<p>\u201cEsta pasta tem total ci\u00eancia da gravidade do problema e age diuturnamente para combater essa e outras pr\u00e1ticas criminosas\u201d, afirma o MDH.<\/p>\n\n\n\n<p>Para o mission\u00e1rio Max Dacampo, o relato de Damares deve despertar a igreja para se unir e agir. \u201cSabe qual \u00e9 o seu chamado? O que te causa indigna\u00e7\u00e3o. Se isso n\u00e3o te causou indigna\u00e7\u00e3o, se voc\u00ea n\u00e3o chorou vendo esse v\u00eddeo, voc\u00ea n\u00e3o ama ningu\u00e9m\u201d, disse ele.&nbsp;<\/p>\n\n\n\n<p>\u201cSomos agentes de Cristo na terra, \u00e9 nossa obriga\u00e7\u00e3o lutar contra as injusti\u00e7as e ajustar o que est\u00e1 errado. Chegou a hora da gente se unir e apoiar os mission\u00e1rios que est\u00e3o no campo, abandonados, trabalhando com as crian\u00e7as\u201d, finalizou.<\/p>\n","protected":false},"excerpt":{"rendered":"<p>Uma den\u00fancia feita por&nbsp;Damares Alves, senadora eleita pelo Distrito Federal, tem provocado a rea\u00e7\u00e3o da imprensa, de \u00f3rg\u00e3os p\u00fablicos e tamb\u00e9m de crist\u00e3os. Em um culto na Igreja Assembleia de Deus Minist\u00e9rio Fama, em Goi\u00e2nia, no s\u00e1bado (8), Damares revelou que descobriu crimes horrendos contra crian\u00e7as, quando estava \u00e0 frente do Minist\u00e9rio da Mulher, Fam\u00edlia [&hellip;]<\/p>\n","protected":false},"author":2,"featured_media":12861,"comment_status":"open","ping_status":"open","sticky":false,"template":"","format":"standard","meta":[],"categories":[10],"tags":[],"_links":{"self":[{"href":"https:\/\/dgospel.com.br\/portal\/index.php\/wp-json\/wp\/v2\/posts\/12860"}],"collection":[{"href":"https:\/\/dgospel.com.br\/portal\/index.php\/wp-json\/wp\/v2\/posts"}],"about":[{"href":"https:\/\/dgospel.com.br\/portal\/index.php\/wp-json\/wp\/v2\/types\/post"}],"author":[{"embeddable":true,"href":"https:\/\/dgospel.com.br\/portal\/index.php\/wp-json\/wp\/v2\/users\/2"}],"replies":[{"embeddable":true,"href":"https:\/\/dgospel.com.br\/portal\/index.php\/wp-json\/wp\/v2\/comments?post=12860"}],"version-history":[{"count":1,"href":"https:\/\/dgospel.com.br\/portal\/index.php\/wp-json\/wp\/v2\/posts\/12860\/revisions"}],"predecessor-version":[{"id":12862,"href":"https:\/\/dgospel.com.br\/portal\/index.php\/wp-json\/wp\/v2\/posts\/12860\/revisions\/12862"}],"wp:featuredmedia":[{"embeddable":true,"href":"https:\/\/dgospel.com.br\/portal\/index.php\/wp-json\/wp\/v2\/media\/12861"}],"wp:attachment":[{"href":"https:\/\/dgospel.com.br\/portal\/index.php\/wp-json\/wp\/v2\/media?parent=12860"}],"wp:term":[{"taxonomy":"category","embeddable":true,"href":"https:\/\/dgospel.com.br\/portal\/index.php\/wp-json\/wp\/v2\/categories?post=12860"},{"taxonomy":"post_tag","embeddable":true,"href":"https:\/\/dgospel.com.br\/portal\/index.php\/wp-json\/wp\/v2\/tags?post=12860"}],"curies":[{"name":"wp","href":"https:\/\/api.w.org\/{rel}","templated":true}]}}