{"id":12863,"date":"2022-10-13T15:11:17","date_gmt":"2022-10-13T18:11:17","guid":{"rendered":"http:\/\/dgospel.com.br\/portal\/?p=12863"},"modified":"2022-10-13T15:11:19","modified_gmt":"2022-10-13T18:11:19","slug":"levitas-reencenam-ritual-de-sucot-em-preparo-para-o-terceiro-templo","status":"publish","type":"post","link":"https:\/\/dgospel.com.br\/portal\/index.php\/2022\/10\/13\/levitas-reencenam-ritual-de-sucot-em-preparo-para-o-terceiro-templo\/","title":{"rendered":"Levitas reencenam ritual de Sucot em preparo para o Terceiro Templo"},"content":{"rendered":"\n<p>Durante o&nbsp;<a href=\"https:\/\/guiame.com.br\/gospel\/israel\/sucot-pastor-explica-como-festa-dos-tabernaculos-aponta-para-jesus.html\"><strong>ritual para a festa de Sucot<\/strong><\/a>, na ter\u00e7a-feira (11), centenas de judeus em trajes sacerdotais e acompanhados por levitas tocando instrumentos musicais, participaram da encena\u00e7\u00e3o conhecida como \u201cliba\u00e7\u00e3o da \u00e1gua\u201d.&nbsp;<\/p>\n\n\n\n<p>Nos dias do Segundo Templo, essa encena\u00e7\u00e3o era o auge da cerim\u00f4nia, pois os judeus invocaram a b\u00ean\u00e7\u00e3o de Deus sobre as chuvas do ano. Eles eram liderados por um sacerdote que levava um vaso dourado cheio de \u00e1gua cristalina da fonte. A \u00e1gua era derramada no altar.<\/p>\n\n\n\n<p>Em Jerusal\u00e9m, o evento come\u00e7ou em Shaar Hashpot \u2014 port\u00e3o de esterco, na Cidade Velha \u2014 onde os participantes se juntaram para comemorar a festa de Sucot.<\/p>\n\n\n\n<p>Os levitas conduziram a cerim\u00f4nia com m\u00fasicas alegres em tambores, violino, viol\u00e3o e clarinete, descendo pelo vale abaixo do Monte do Templo. A multid\u00e3o\u00a0<a href=\"https:\/\/guiame.com.br\/gospel\/mundo-cristao\/fim-de-shemita-e-um-periodo-de-crises-mundiais-diz-hebraista-sobre-ciclo-de-7-anos.html\"><strong>cantou e dan\u00e7ou<\/strong><\/a>\u00a0enquanto passava pelos restos arqueol\u00f3gicos da antiga Cidade de Davi, conforme o site Israel 365 News.<\/p>\n\n\n\n<p><strong>Sobre o evento<\/strong><\/p>\n\n\n\n<p>O evento foi supervisionado pelos rabinos Yisrael Ariel, que \u00e9 fundador do Instituto do Templo, Aryeh Shtern, o rabino chefe de Jerusal\u00e9m e os demais rabinos Dov Lior, Shmuel Eliyahu, David Chai HaKohen, Ra&#8217;am Hakohen, Menachem Bornstein, Uri Cherki, entre outros.<\/p>\n\n\n\n<p>A prociss\u00e3o foi pontuada por paradas durante as quais teve o soar das trombetas de prata, at\u00e9 o Tanque de Silo\u00e9, onde o vaso dourado foi erguido, no momento de maior alegria da festa.&nbsp;<\/p>\n\n\n\n<p>O&nbsp;<a href=\"https:\/\/guiame.com.br\/gospel\/noticias\/ator-de-hollywood-relata-historia-do-tanque-de-siloe-jesus-quer-curar-cegos-espirituais.html\"><strong>tanque de Silo\u00e9<\/strong><\/a>&nbsp;era o ponto de partida para aqueles que faziam a peregrina\u00e7\u00e3o anual a Jerusal\u00e9m para as festas b\u00edblicas.<\/p>\n\n\n\n<p>Havia pessoas de v\u00e1rios lugares do mundo para a \u201cadora\u00e7\u00e3o internacional\u201d a Deus durante as celebra\u00e7\u00f5es. Os sacerdotes derramaram a \u00e1gua e o vinho no altar.<\/p>\n\n\n\n<p><strong>Import\u00e2ncia do Tanque de Silo\u00e9<\/strong><\/p>\n\n\n\n<p>O tanque de Silo\u00e9 tem&nbsp;<a href=\"https:\/\/guiame.com.br\/gospel\/mundo-cristao\/o-inicio-da-grande-tribulacao-pode-estar-mais-perto-do-que-se-imagina-alerta-hebraista.html\"><strong>grande import\u00e2ncia b\u00edblica<\/strong><\/a>, pois o Novo Testamento descreve que l\u00e1 um cego de nascen\u00e7a foi curado, quando Jesus misturou terra com saliva, aplicou em seus olhos e depois o mandou lavar-se naquelas \u00e1guas.&nbsp;<\/p>\n\n\n\n<p>Localizada fora das muralhas da Cidade Velha de Jerusal\u00e9m, o tanque inferior \u00e9 alimentado pelas \u00e1guas da Fonte de Giom, que s\u00e3o levadas para l\u00e1 pelo T\u00fanel de Silo\u00e9, tamb\u00e9m conhecido como T\u00fanel de Ezequias.<\/p>\n\n\n\n<p>O tanque foi constru\u00eddo durante o reinado de Ezequias (715-687 a.C.) para substituir um t\u00fanel cananeu mais antigo, conhecido biblicamente como o tanque superior, que era vulner\u00e1vel a invasores.&nbsp;<\/p>\n\n\n\n<p>O novo tanque e o t\u00fanel deixaram os ex\u00e9rcitos sitiantes sem acesso \u00e0s \u00e1guas da nascente. Os arque\u00f3logos acreditam que durante a era do Segundo Templo, as \u00e1guas continuaram a fluir para o sul e foram coletadas em uma piscina maior e adicional. Esta piscina foi descoberta por arque\u00f3logos durante o ver\u00e3o de 2004.<\/p>\n\n\n\n<p><strong>Sobre o Terceiro Templo e a chegada do Messias<\/strong><\/p>\n\n\n\n<p><a href=\"https:\/\/guiame.com.br\/gospel\/israel\/o-messias-sera-revelado-no-jubileu-afirma-proeminente-rabino-em-israel.html\"><strong>Com a chegada do ano de 5.783 e o Jubileu<\/strong><\/a>, ou seja, 50\u00ba ano ap\u00f3s 7 shemit\u00e1s \u2014 7 vezes 7, 49 anos \u2014 a discuss\u00e3o sobre a vinda do Messias, entre os judeus, volta ao cen\u00e1rio.&nbsp;<\/p>\n\n\n\n<p>Conforme os rabinos, a chegada do Messias se dar\u00e1 ao final de um ciclo de 7 anos e eles aguardam essa profecia ser cumprida. O&nbsp;<a href=\"https:\/\/guiame.com.br\/gospel\/israel\/rosh-hashana-como-o-ano-novo-judaico-e-celebrado-em-israel.html\"><strong>Rosh Hashan\u00e1<\/strong><\/a>&nbsp;ou Ano Novo Judaico j\u00e1 foi comemorado no dia 25 de setembro.<\/p>\n\n\n\n<p>Sabendo que este \u00e9 o in\u00edcio de um novo ciclo de shemit\u00e1 e que \u00e9 um per\u00edodo de possibilidade para a&nbsp;<a href=\"https:\/\/www.guiame.com.br\/gospel\/israel\/projeto-para-construcao-do-terceiro-templo-esta-em-andamento-anuncia-rabino.html?fbclid=IwAR2pgqcCHZfvA-wnIhhTSqIavPo6SJJZDCig59TKFAVpoCKqrdCH2BAUlFw\"><strong>vinda do Messias<\/strong><\/a>, temas sobre a constru\u00e7\u00e3o do Terceiro Templo est\u00e3o em pauta.&nbsp;<\/p>\n\n\n\n<p>Por\u00e9m, vale lembrar que a \u201cvinda do Messias\u201d para os judeus, significa a \u201cchegada do Anticristo\u201d para os crist\u00e3os. Muitos pastores acreditam que esses eventos podem acontecer ainda nesta gera\u00e7\u00e3o.<\/p>\n","protected":false},"excerpt":{"rendered":"<p>Durante o&nbsp;ritual para a festa de Sucot, na ter\u00e7a-feira (11), centenas de judeus em trajes sacerdotais e acompanhados por levitas tocando instrumentos musicais, participaram da encena\u00e7\u00e3o conhecida como \u201cliba\u00e7\u00e3o da \u00e1gua\u201d.&nbsp; Nos dias do Segundo Templo, essa encena\u00e7\u00e3o era o auge da cerim\u00f4nia, pois os judeus invocaram a b\u00ean\u00e7\u00e3o de Deus sobre as chuvas do [&hellip;]<\/p>\n","protected":false},"author":2,"featured_media":12864,"comment_status":"open","ping_status":"open","sticky":false,"template":"","format":"standard","meta":[],"categories":[16],"tags":[],"_links":{"self":[{"href":"https:\/\/dgospel.com.br\/portal\/index.php\/wp-json\/wp\/v2\/posts\/12863"}],"collection":[{"href":"https:\/\/dgospel.com.br\/portal\/index.php\/wp-json\/wp\/v2\/posts"}],"about":[{"href":"https:\/\/dgospel.com.br\/portal\/index.php\/wp-json\/wp\/v2\/types\/post"}],"author":[{"embeddable":true,"href":"https:\/\/dgospel.com.br\/portal\/index.php\/wp-json\/wp\/v2\/users\/2"}],"replies":[{"embeddable":true,"href":"https:\/\/dgospel.com.br\/portal\/index.php\/wp-json\/wp\/v2\/comments?post=12863"}],"version-history":[{"count":1,"href":"https:\/\/dgospel.com.br\/portal\/index.php\/wp-json\/wp\/v2\/posts\/12863\/revisions"}],"predecessor-version":[{"id":12865,"href":"https:\/\/dgospel.com.br\/portal\/index.php\/wp-json\/wp\/v2\/posts\/12863\/revisions\/12865"}],"wp:featuredmedia":[{"embeddable":true,"href":"https:\/\/dgospel.com.br\/portal\/index.php\/wp-json\/wp\/v2\/media\/12864"}],"wp:attachment":[{"href":"https:\/\/dgospel.com.br\/portal\/index.php\/wp-json\/wp\/v2\/media?parent=12863"}],"wp:term":[{"taxonomy":"category","embeddable":true,"href":"https:\/\/dgospel.com.br\/portal\/index.php\/wp-json\/wp\/v2\/categories?post=12863"},{"taxonomy":"post_tag","embeddable":true,"href":"https:\/\/dgospel.com.br\/portal\/index.php\/wp-json\/wp\/v2\/tags?post=12863"}],"curies":[{"name":"wp","href":"https:\/\/api.w.org\/{rel}","templated":true}]}}