{"id":1287,"date":"2018-09-12T00:11:15","date_gmt":"2018-09-12T03:11:15","guid":{"rendered":"http:\/\/dgospel.com.br\/portal\/?p=1287"},"modified":"2018-09-12T00:11:15","modified_gmt":"2018-09-12T03:11:15","slug":"bolsonaro-tem-alta-da-uti-diz-boletim-medico","status":"publish","type":"post","link":"https:\/\/dgospel.com.br\/portal\/index.php\/2018\/09\/12\/bolsonaro-tem-alta-da-uti-diz-boletim-medico\/","title":{"rendered":"Bolsonaro tem alta da UTI, diz boletim m\u00e9dico"},"content":{"rendered":"<p>O candidato \u00e0 Presid\u00eancia da Rep\u00fablica, Jair Bolsonaro, recebeu alta da Unidade de Terapia Intensiva (UTI), informou boletim m\u00e9dico divulgado pelo Hospital Albert Einstein na noite desta ter\u00e7a-feira (11).<\/p>\n<p data-track-category=\"Link no Texto\" data-track-links=\"\">Ainda segundo o Hospital, ele passou para uma unidade de cuidados semi-intensivos.<\/p>\n<p data-track-category=\"Link no Texto\" data-track-links=\"\">O boletim tamb\u00e9m afirma que foi iniciada &#8220;uma dieta leve, com boa toler\u00e2ncia do paciente sem apresentar n\u00e1useas ou v\u00f4mitos&#8221;.<\/p>\n<p data-track-category=\"Link no Texto\" data-track-links=\"\">Ele permanece sem febre e sem sinais de infec\u00e7\u00e3o, recebendo as medidas de preven\u00e7\u00e3o de trombose venosa.<\/p>\n<p data-track-category=\"Link no Texto\" data-track-links=\"\">Bolsonaro est\u00e1 internado desde sexta (7) no hospital na Zona Sul de S\u00e3o Paulo se recuperando de uma facada levada durante ato de campanha no Centro de Juiz de Fora (MG), na tarde de quinta (6).<\/p>\n<p>Nesta ter\u00e7a, Bolsonaro postou nas redes sociais um agradecimento ao evento de campanha de Juiz de Fora, onde acabou esfaqueado. \u201cNada apagar\u00e1 a chama da esperan\u00e7a que presenciamos nos olhos de cada um presente neste grande dia!\u201d, disse na postagem, que cont\u00e9m tamb\u00e9m um v\u00eddeo a\u00e9reo do evento. As imagens n\u00e3o mostram o ataque.<\/p>\n<p data-track-category=\"Link no Texto\" data-track-links=\"\">A publica\u00e7\u00e3o ainda afirma que seguran\u00e7a \u00e9 prioridade. &#8220;As pessoas precisam de emprego, querem educa\u00e7\u00e3o, mas de nada adianta se continuarem sendo v\u00edtimas de latroc\u00ednio a caminho de seus trabalhos; de nada adianta se o tr\u00e1fico de drogas permanecer na porta das escolas&#8221;, disse. O pol\u00edtico tamb\u00e9m criticou a a\u00e7\u00e3o de marqueteiros nas campanhas eleitorais.<\/p>\n<p data-track-category=\"Link no Texto\" data-track-links=\"\">\u00c0 tarde, o candidato recebeu a visita do m\u00fasico Roger Rocha, que postou foto com o pol\u00edtico em suas redes sociais.<\/p>\n<p>Na segunda, Bolsonaro fez postagens com cr\u00edticas aos \u201cacomodados com a velha pol\u00edtica suja&#8221;, e elogios. \u201cAgrade\u00e7o a cada cidad\u00e3o, pai, m\u00e3e, filho e filha, pelos atos de solidariedade realizados nos \u00faltimos dias. Este apoio \u00e9 nosso combust\u00edvel&#8221;, afirmou.<\/p>\n<p><strong>Recupera\u00e7\u00e3o em hospital de SP<\/strong><\/p>\n<p>Segundo a c\u00fapula do Hospital Albert Einstein, os principais riscos que ser\u00e3o monitorados s\u00e3o pneumonia (pois o candidato ficou muito tempo em choque e perdeu cerca de 2 litros de sangue) e infec\u00e7\u00e3o (por causa do vazamento de massa fecal na cavidade abdominal).<\/p>\n<p>A previs\u00e3o de interna\u00e7\u00e3o \u00e9 de sete a dez dias. A retomada das atividades de campanha s\u00f3 deve ocorrer 20 dias ap\u00f3s a data de interna\u00e7\u00e3o. Depois da alta, o candidato ser\u00e1 submetido a outra cirurgia de grande porte para &#8220;reconstruir o tr\u00e2nsito intestinal e retirar a bolsa de colostomia&#8221;.<\/p>\n<p>A realiza\u00e7\u00e3o da opera\u00e7\u00e3o j\u00e1 estava prevista para depois que o candidato tiver alta. Segundo m\u00e9dicos ouvidos pela reportagem, a cirurgia s\u00f3 deve acontecer daqui a dois meses. Nesse meio tempo, Bolsonaro seguir\u00e1 com a bolsa externa ligada \u00e0 barriga.<\/p>\n","protected":false},"excerpt":{"rendered":"<p>O candidato \u00e0 Presid\u00eancia da Rep\u00fablica, Jair Bolsonaro, recebeu alta da Unidade de Terapia Intensiva (UTI), informou boletim m\u00e9dico divulgado pelo Hospital Albert Einstein na noite desta ter\u00e7a-feira (11). Ainda segundo o Hospital, ele passou para uma unidade de cuidados semi-intensivos. O boletim tamb\u00e9m afirma que foi iniciada &#8220;uma dieta leve, com boa toler\u00e2ncia do [&hellip;]<\/p>\n","protected":false},"author":2,"featured_media":1288,"comment_status":"open","ping_status":"open","sticky":false,"template":"","format":"standard","meta":[],"categories":[2,6],"tags":[],"_links":{"self":[{"href":"https:\/\/dgospel.com.br\/portal\/index.php\/wp-json\/wp\/v2\/posts\/1287"}],"collection":[{"href":"https:\/\/dgospel.com.br\/portal\/index.php\/wp-json\/wp\/v2\/posts"}],"about":[{"href":"https:\/\/dgospel.com.br\/portal\/index.php\/wp-json\/wp\/v2\/types\/post"}],"author":[{"embeddable":true,"href":"https:\/\/dgospel.com.br\/portal\/index.php\/wp-json\/wp\/v2\/users\/2"}],"replies":[{"embeddable":true,"href":"https:\/\/dgospel.com.br\/portal\/index.php\/wp-json\/wp\/v2\/comments?post=1287"}],"version-history":[{"count":1,"href":"https:\/\/dgospel.com.br\/portal\/index.php\/wp-json\/wp\/v2\/posts\/1287\/revisions"}],"predecessor-version":[{"id":1289,"href":"https:\/\/dgospel.com.br\/portal\/index.php\/wp-json\/wp\/v2\/posts\/1287\/revisions\/1289"}],"wp:featuredmedia":[{"embeddable":true,"href":"https:\/\/dgospel.com.br\/portal\/index.php\/wp-json\/wp\/v2\/media\/1288"}],"wp:attachment":[{"href":"https:\/\/dgospel.com.br\/portal\/index.php\/wp-json\/wp\/v2\/media?parent=1287"}],"wp:term":[{"taxonomy":"category","embeddable":true,"href":"https:\/\/dgospel.com.br\/portal\/index.php\/wp-json\/wp\/v2\/categories?post=1287"},{"taxonomy":"post_tag","embeddable":true,"href":"https:\/\/dgospel.com.br\/portal\/index.php\/wp-json\/wp\/v2\/tags?post=1287"}],"curies":[{"name":"wp","href":"https:\/\/api.w.org\/{rel}","templated":true}]}}