{"id":12872,"date":"2022-10-13T21:49:37","date_gmt":"2022-10-14T00:49:37","guid":{"rendered":"http:\/\/dgospel.com.br\/portal\/?p=12872"},"modified":"2022-10-13T21:49:38","modified_gmt":"2022-10-14T00:49:38","slug":"deputado-do-psb-do-maranhao-declara-deus-me-livre-de-lula-no-poder","status":"publish","type":"post","link":"https:\/\/dgospel.com.br\/portal\/index.php\/2022\/10\/13\/deputado-do-psb-do-maranhao-declara-deus-me-livre-de-lula-no-poder\/","title":{"rendered":"Deputado do PSB do Maranh\u00e3o declara: \u201cDeus me livre de Lula no poder\u201d"},"content":{"rendered":"\n<p>O deputado estadual Ygl\u00e9sio Moyses (PSB), do Maranh\u00e3o, fez um discurso pol\u00eamico na Assembleia Legislativa ao declarar que votar\u00e1 em Jair Bolsonaro (PL) e n\u00e3o em Lula (PT) que \u00e9 o candidato apoiado por seu partido.<\/p>\n\n\n\n<p>O parlamentar disse que j\u00e1 foi do Partido dos Trabalhadores entre os anos de 2011 e 2017 e que \u00e9 por conhecer a sigla que ele n\u00e3o deseja ver Lula governando novamente a na\u00e7\u00e3o.<\/p>\n\n\n\n<p>\u2013 Eu n\u00e3o quero nunca na minha vida o PT no poder de novo. Porque n\u00e3o sabem fazer gest\u00e3o. Onde est\u00e3o, destroem as finan\u00e7as e, no final, o oba-oba gera deficit p\u00fablico. Bolsonaro \u00e9 um maluco, mas colocou muita gente competente para fazer gest\u00e3o e \u00e9 isso que me importa \u2013 declarou.<\/p>\n\n\n\n<p>O deputado diz que o partido oferece ilus\u00e3o e mentira para os eleitores e ele aproveita para dizer que com Bolsonaro presidente, o ex-governador do estado, Fl\u00e1vio Dino, n\u00e3o ir\u00e1 interferir no trabalho do Poder Legislativo.<\/p>\n\n\n\n<p>Dino \u00e9 um grande aliado de Lula, por isso, segundo o deputado, ele n\u00e3o gostaria de ver o PT no governo dando poder para que o senador eleito continue manipulando a pol\u00edtica local.<\/p>\n\n\n\n<p>\u2013 Deus me livre de Lula presidente e um homem desse [Fl\u00e1vio Dino] perseguindo as pessoas de bem que fazem pol\u00edtica neste estado. Vou votar no 22 porque \u00e9 fundamental pro Maranh\u00e3o se libertar desse pessoal que ficou sete anos perseguindo todo mundo \u2013 declarou.<\/p>\n\n\n\n<p>Confira no instagram:<\/p>\n\n\n\n<p><a href=\"https:\/\/www.instagram.com\/reel\/CjlYN9sJzwJ\/?utm_source=ig_embed&amp;ig_rid=207e948c-eeac-4c0c-9a4c-40f63ba9c82a\">https:\/\/www.instagram.com\/reel\/CjlYN9sJzwJ\/?utm_source=ig_embed&amp;ig_rid=207e948c-eeac-4c0c-9a4c-40f63ba9c82a<\/a><\/p>\n","protected":false},"excerpt":{"rendered":"<p>O deputado estadual Ygl\u00e9sio Moyses (PSB), do Maranh\u00e3o, fez um discurso pol\u00eamico na Assembleia Legislativa ao declarar que votar\u00e1 em Jair Bolsonaro (PL) e n\u00e3o em Lula (PT) que \u00e9 o candidato apoiado por seu partido. O parlamentar disse que j\u00e1 foi do Partido dos Trabalhadores entre os anos de 2011 e 2017 e que [&hellip;]<\/p>\n","protected":false},"author":2,"featured_media":12873,"comment_status":"open","ping_status":"open","sticky":false,"template":"","format":"standard","meta":[],"categories":[4],"tags":[],"_links":{"self":[{"href":"https:\/\/dgospel.com.br\/portal\/index.php\/wp-json\/wp\/v2\/posts\/12872"}],"collection":[{"href":"https:\/\/dgospel.com.br\/portal\/index.php\/wp-json\/wp\/v2\/posts"}],"about":[{"href":"https:\/\/dgospel.com.br\/portal\/index.php\/wp-json\/wp\/v2\/types\/post"}],"author":[{"embeddable":true,"href":"https:\/\/dgospel.com.br\/portal\/index.php\/wp-json\/wp\/v2\/users\/2"}],"replies":[{"embeddable":true,"href":"https:\/\/dgospel.com.br\/portal\/index.php\/wp-json\/wp\/v2\/comments?post=12872"}],"version-history":[{"count":1,"href":"https:\/\/dgospel.com.br\/portal\/index.php\/wp-json\/wp\/v2\/posts\/12872\/revisions"}],"predecessor-version":[{"id":12874,"href":"https:\/\/dgospel.com.br\/portal\/index.php\/wp-json\/wp\/v2\/posts\/12872\/revisions\/12874"}],"wp:featuredmedia":[{"embeddable":true,"href":"https:\/\/dgospel.com.br\/portal\/index.php\/wp-json\/wp\/v2\/media\/12873"}],"wp:attachment":[{"href":"https:\/\/dgospel.com.br\/portal\/index.php\/wp-json\/wp\/v2\/media?parent=12872"}],"wp:term":[{"taxonomy":"category","embeddable":true,"href":"https:\/\/dgospel.com.br\/portal\/index.php\/wp-json\/wp\/v2\/categories?post=12872"},{"taxonomy":"post_tag","embeddable":true,"href":"https:\/\/dgospel.com.br\/portal\/index.php\/wp-json\/wp\/v2\/tags?post=12872"}],"curies":[{"name":"wp","href":"https:\/\/api.w.org\/{rel}","templated":true}]}}