{"id":12876,"date":"2022-10-13T21:52:37","date_gmt":"2022-10-14T00:52:37","guid":{"rendered":"http:\/\/dgospel.com.br\/portal\/?p=12876"},"modified":"2022-10-13T21:52:38","modified_gmt":"2022-10-14T00:52:38","slug":"picanha-bolsonaro-diz-que-lula-trata-o-povo-como-idiota","status":"publish","type":"post","link":"https:\/\/dgospel.com.br\/portal\/index.php\/2022\/10\/13\/picanha-bolsonaro-diz-que-lula-trata-o-povo-como-idiota\/","title":{"rendered":"Picanha: Bolsonaro diz que Lula trata o povo como idiota"},"content":{"rendered":"\n<p>O presidente Jair Bolsonaro (PL) fez quest\u00e3o de comemorar as a\u00e7\u00f5es do governo federal que est\u00e3o reduzindo o pre\u00e7o dos itens da cesta b\u00e1sica.<\/p>\n\n\n\n<p>Dados recentes da Associa\u00e7\u00e3o Brasileira de Supermercados (Abras) foram expostos pelo candidato \u00e0 reelei\u00e7\u00e3o provando que a carne bovina teve redu\u00e7\u00e3o de 1,49% em setembro, em compara\u00e7\u00e3o com o m\u00eas de julho.<\/p>\n\n\n\n<p>Ao falar disso, o presidente ironiza as promessas de Lula (PT) que tem prometido fazer os brasileiros voltarem a comer picanha e tomar cerveja nos finais de semana, caso ele seja eleito.<\/p>\n\n\n\n<p>\u2013 Est\u00e1 caindo o pre\u00e7o da carne tamb\u00e9m. Ningu\u00e9m precisa acreditar numa promessa de picanha. \u00c9 pensar que o povo \u00e9 idiota. \u00c9 tratar com maldade o povo brasileiro \u2013 disse Bolsonaro.<\/p>\n","protected":false},"excerpt":{"rendered":"<p>O presidente Jair Bolsonaro (PL) fez quest\u00e3o de comemorar as a\u00e7\u00f5es do governo federal que est\u00e3o reduzindo o pre\u00e7o dos itens da cesta b\u00e1sica. Dados recentes da Associa\u00e7\u00e3o Brasileira de Supermercados (Abras) foram expostos pelo candidato \u00e0 reelei\u00e7\u00e3o provando que a carne bovina teve redu\u00e7\u00e3o de 1,49% em setembro, em compara\u00e7\u00e3o com o m\u00eas de [&hellip;]<\/p>\n","protected":false},"author":2,"featured_media":12877,"comment_status":"open","ping_status":"open","sticky":false,"template":"","format":"standard","meta":[],"categories":[4],"tags":[],"_links":{"self":[{"href":"https:\/\/dgospel.com.br\/portal\/index.php\/wp-json\/wp\/v2\/posts\/12876"}],"collection":[{"href":"https:\/\/dgospel.com.br\/portal\/index.php\/wp-json\/wp\/v2\/posts"}],"about":[{"href":"https:\/\/dgospel.com.br\/portal\/index.php\/wp-json\/wp\/v2\/types\/post"}],"author":[{"embeddable":true,"href":"https:\/\/dgospel.com.br\/portal\/index.php\/wp-json\/wp\/v2\/users\/2"}],"replies":[{"embeddable":true,"href":"https:\/\/dgospel.com.br\/portal\/index.php\/wp-json\/wp\/v2\/comments?post=12876"}],"version-history":[{"count":1,"href":"https:\/\/dgospel.com.br\/portal\/index.php\/wp-json\/wp\/v2\/posts\/12876\/revisions"}],"predecessor-version":[{"id":12878,"href":"https:\/\/dgospel.com.br\/portal\/index.php\/wp-json\/wp\/v2\/posts\/12876\/revisions\/12878"}],"wp:featuredmedia":[{"embeddable":true,"href":"https:\/\/dgospel.com.br\/portal\/index.php\/wp-json\/wp\/v2\/media\/12877"}],"wp:attachment":[{"href":"https:\/\/dgospel.com.br\/portal\/index.php\/wp-json\/wp\/v2\/media?parent=12876"}],"wp:term":[{"taxonomy":"category","embeddable":true,"href":"https:\/\/dgospel.com.br\/portal\/index.php\/wp-json\/wp\/v2\/categories?post=12876"},{"taxonomy":"post_tag","embeddable":true,"href":"https:\/\/dgospel.com.br\/portal\/index.php\/wp-json\/wp\/v2\/tags?post=12876"}],"curies":[{"name":"wp","href":"https:\/\/api.w.org\/{rel}","templated":true}]}}