{"id":12882,"date":"2022-10-13T22:46:51","date_gmt":"2022-10-14T01:46:51","guid":{"rendered":"http:\/\/dgospel.com.br\/portal\/?p=12882"},"modified":"2022-10-13T22:46:51","modified_gmt":"2022-10-14T01:46:51","slug":"saude-alerta-populacao-para-os-casos-de-violencia-infantil","status":"publish","type":"post","link":"https:\/\/dgospel.com.br\/portal\/index.php\/2022\/10\/13\/saude-alerta-populacao-para-os-casos-de-violencia-infantil\/","title":{"rendered":"Sa\u00fade alerta popula\u00e7\u00e3o para os casos de viol\u00eancia infantil"},"content":{"rendered":"\n<p>Na quarta-feira, 12 de outubro, iniciou a Semana Nacional de Preven\u00e7\u00e3o da Viol\u00eancia na Primeira Inf\u00e2ncia, celebrada anualmente de 12 a 18 de outubro. A data tenta chamar a aten\u00e7\u00e3o da sociedade a respeito da viol\u00eancia na primeira inf\u00e2ncia e a import\u00e2ncia do per\u00edodo entre zero e 6 anos de idade (primeira inf\u00e2ncia) na forma\u00e7\u00e3o do indiv\u00edduo.<\/p>\n\n\n\n<p>Dados da Ger\u00eancia de Promo\u00e7\u00e3o \u00e0 Sa\u00fade e Agravos N\u00e3o Transmiss\u00edveis (GPSANT), da Secretaria de Estado da Sa\u00fade (SES), demonstram que, de janeiro a setembro de 2022, foram registrados 778 notifica\u00e7\u00f5es de viol\u00eancia em crian\u00e7as de zero a 6 anos de idade e 677 no mesmo per\u00edodo de 2021. Um aumento de 31,34% nas notifica\u00e7\u00f5es.<\/p>\n\n\n\n<p>\u201cSabemos que infelizmente existe uma subnotifica\u00e7\u00e3o desses casos, mas acreditamos que este aumento nos registros se d\u00e1 principalmente pela qualifica\u00e7\u00e3o que temos trabalhado com as unidades hospitalares que realizam esse atendimento, bem como pela parceria com os munic\u00edpios e as for\u00e7as de seguran\u00e7a p\u00fablica para o registro e o atendimento desses pacientes\u201d, destacou a gerente de Promo\u00e7\u00e3o \u00e0 Sa\u00fade e Agravos N\u00e3o Transmiss\u00edveis, Simone Matias Gondim Silva.<\/p>\n\n\n\n<p>Ainda segundo dados da GPSANT, as meninas s\u00e3o as principais v\u00edtimas de viol\u00eancia infantil, tendo como tr\u00eas principais tipos de viol\u00eancia o abandono e\/ou neglig\u00eancia, a viol\u00eancia sexual e a viol\u00eancia f\u00edsica.<\/p>\n\n\n\n<p>Para o atendimento de crian\u00e7as v\u00edtimas de viol\u00eancia, a SES possui nas unidades hospitalares de Palmas, Porto Nacional e Augustin\u00f3polis, o Servi\u00e7o de Refer\u00eancia no Atendimento de Crian\u00e7as em Situa\u00e7\u00e3o de Viol\u00eancia no Tocantins (Savi), que atua 24 horas em regime de urg\u00eancia e emerg\u00eancia.<\/p>\n\n\n\n<p>\u201cNo Hospital Geral de Palmas, realizamos esse atendimento de crian\u00e7as de ambos os sexos, na faixa et\u00e1ria de zero a 12 anos, em situa\u00e7\u00e3o de viol\u00eancia f\u00edsica, psicol\u00f3gica, sexual e neglig\u00eancia. Queremos alertar os pais que observem mudan\u00e7as no comportamento da crian\u00e7a, que geralmente d\u00e1 sinais de que alguma coisa est\u00e1 acontecendo. Os pais devem ficar atentos a essas mudan\u00e7as f\u00edsicas e emocionais para buscar ajuda\u201d, destaca a psic\u00f3loga Iara Aparecida Furtado Mendes.<\/p>\n\n\n\n<p>Visando \u00e0 melhoria desse atendimento e entendendo que as demais unidades hospitalares s\u00e3o a porta de entrada de atendimento de urg\u00eancia e emerg\u00eancia, a Superintend\u00eancia de Unidades Hospitalares Pr\u00f3prias (SUHP), da SES-TO, tem qualificado os profissionais que atuam nas portas de entrada de todas as unidades hospitalares geridas pelo Estado para atendimento dessas v\u00edtimas de viol\u00eancia. Mais de 200 servidores j\u00e1 passaram pela qualifica\u00e7\u00e3o.<\/p>\n\n\n\n<p><strong>Dados no Brasil<\/strong><\/p>\n\n\n\n<p>Entre 2016 e 2020, 35 mil crian\u00e7as e adolescentes de 0 a 19 anos foram mortos de forma violenta no Brasil \u2013 o que d\u00e1 uma m\u00e9dia de 7 mil por ano. Al\u00e9m disso, de 2017 a 2020, 180 mil sofreram viol\u00eancia sexual \u2013 uma m\u00e9dia de 45 mil por ano. \u00c9 o que revela o Panorama da Viol\u00eancia Letal e Sexual contra Crian\u00e7as e Adolescentes no Brasil, lan\u00e7ado pelo Unicef e pelo F\u00f3rum Brasileiro de Seguran\u00e7a P\u00fablica (FBSP), em outubro de 2021, com a an\u00e1lise dos boletins de ocorr\u00eancia das 27 unidades da Federa\u00e7\u00e3o.<\/p>\n","protected":false},"excerpt":{"rendered":"<p>Na quarta-feira, 12 de outubro, iniciou a Semana Nacional de Preven\u00e7\u00e3o da Viol\u00eancia na Primeira Inf\u00e2ncia, celebrada anualmente de 12 a 18 de outubro. A data tenta chamar a aten\u00e7\u00e3o da sociedade a respeito da viol\u00eancia na primeira inf\u00e2ncia e a import\u00e2ncia do per\u00edodo entre zero e 6 anos de idade (primeira inf\u00e2ncia) na forma\u00e7\u00e3o [&hellip;]<\/p>\n","protected":false},"author":2,"featured_media":12883,"comment_status":"open","ping_status":"open","sticky":false,"template":"","format":"standard","meta":[],"categories":[3],"tags":[13],"_links":{"self":[{"href":"https:\/\/dgospel.com.br\/portal\/index.php\/wp-json\/wp\/v2\/posts\/12882"}],"collection":[{"href":"https:\/\/dgospel.com.br\/portal\/index.php\/wp-json\/wp\/v2\/posts"}],"about":[{"href":"https:\/\/dgospel.com.br\/portal\/index.php\/wp-json\/wp\/v2\/types\/post"}],"author":[{"embeddable":true,"href":"https:\/\/dgospel.com.br\/portal\/index.php\/wp-json\/wp\/v2\/users\/2"}],"replies":[{"embeddable":true,"href":"https:\/\/dgospel.com.br\/portal\/index.php\/wp-json\/wp\/v2\/comments?post=12882"}],"version-history":[{"count":1,"href":"https:\/\/dgospel.com.br\/portal\/index.php\/wp-json\/wp\/v2\/posts\/12882\/revisions"}],"predecessor-version":[{"id":12884,"href":"https:\/\/dgospel.com.br\/portal\/index.php\/wp-json\/wp\/v2\/posts\/12882\/revisions\/12884"}],"wp:featuredmedia":[{"embeddable":true,"href":"https:\/\/dgospel.com.br\/portal\/index.php\/wp-json\/wp\/v2\/media\/12883"}],"wp:attachment":[{"href":"https:\/\/dgospel.com.br\/portal\/index.php\/wp-json\/wp\/v2\/media?parent=12882"}],"wp:term":[{"taxonomy":"category","embeddable":true,"href":"https:\/\/dgospel.com.br\/portal\/index.php\/wp-json\/wp\/v2\/categories?post=12882"},{"taxonomy":"post_tag","embeddable":true,"href":"https:\/\/dgospel.com.br\/portal\/index.php\/wp-json\/wp\/v2\/tags?post=12882"}],"curies":[{"name":"wp","href":"https:\/\/api.w.org\/{rel}","templated":true}]}}