{"id":12891,"date":"2022-10-17T10:07:37","date_gmt":"2022-10-17T13:07:37","guid":{"rendered":"http:\/\/dgospel.com.br\/portal\/?p=12891"},"modified":"2022-10-17T10:07:38","modified_gmt":"2022-10-17T13:07:38","slug":"nicaragua-padre-diz-que-outro-religioso-foi-detido-em-managua","status":"publish","type":"post","link":"https:\/\/dgospel.com.br\/portal\/index.php\/2022\/10\/17\/nicaragua-padre-diz-que-outro-religioso-foi-detido-em-managua\/","title":{"rendered":"Nicar\u00e1gua: Padre diz que outro religioso foi detido em Man\u00e1gua"},"content":{"rendered":"\n<p>Nesta sexta-feira (14), o padre Uriel Vallejos relatou que outro padre foi preso na Nicar\u00e1gua. Conforme a publica\u00e7\u00e3o, o religioso Enrique Mart\u00ednez Gamboa, p\u00e1roco da par\u00f3quia Santa Martha, de Man\u00e1gua, foi detido, na quinta-feira (13), na capital nicaraguense.<\/p>\n\n\n\n<p>\u2013 Ontem, \u00e0s 17h, foi sequestrado o p\u00e1roco da par\u00f3quia Santa Martha, Man\u00e1gua. Padre Enrique Martinez G.<br>Aos Sacerdotes e \u00e0 Igreja Cat\u00f3lica, exigimos a liberta\u00e7\u00e3o e o fim da persegui\u00e7\u00e3o contra a Igreja e o clero. Justi\u00e7a, Liberdade e Democ [Democracia]! \u2013 denunciou o sacerdote.<\/p>\n\n\n\n<p>Na publica\u00e7\u00e3o, est\u00e1 um v\u00eddeo antigo, que mostra Mart\u00ednez Gamboa discursando em frente \u00e0 Universidade Jesu\u00edta Centro-Americana. Segundo&nbsp;<a href=\"https:\/\/www.articulo66.com\/2022\/10\/14\/secuestro-padre-enrique-martinez-gamboa-nicaragua\/#\" target=\"_blank\" rel=\"noreferrer noopener\">ve\u00edculos de imprensa<\/a>, a grava\u00e7\u00e3o foi feita em 2018. No discurso feito \u00e0 \u00e9poca, o religioso teria chamado o presidente do pa\u00eds, Daniel Ortega, e a vice-presidente e primeira-dama, Rosario Murillo, de \u201ccasal assassino\u201d.<\/p>\n\n\n\n<figure class=\"wp-block-image\"><img src=\"https:\/\/static.cdn.pleno.news\/2022\/10\/Screenshot-2-2.png\" alt=\"\" class=\"wp-image-1028118\"\/><\/figure>\n","protected":false},"excerpt":{"rendered":"<p>Nesta sexta-feira (14), o padre Uriel Vallejos relatou que outro padre foi preso na Nicar\u00e1gua. Conforme a publica\u00e7\u00e3o, o religioso Enrique Mart\u00ednez Gamboa, p\u00e1roco da par\u00f3quia Santa Martha, de Man\u00e1gua, foi detido, na quinta-feira (13), na capital nicaraguense. \u2013 Ontem, \u00e0s 17h, foi sequestrado o p\u00e1roco da par\u00f3quia Santa Martha, Man\u00e1gua. Padre Enrique Martinez G.Aos [&hellip;]<\/p>\n","protected":false},"author":2,"featured_media":12892,"comment_status":"open","ping_status":"open","sticky":false,"template":"","format":"standard","meta":[],"categories":[16],"tags":[],"_links":{"self":[{"href":"https:\/\/dgospel.com.br\/portal\/index.php\/wp-json\/wp\/v2\/posts\/12891"}],"collection":[{"href":"https:\/\/dgospel.com.br\/portal\/index.php\/wp-json\/wp\/v2\/posts"}],"about":[{"href":"https:\/\/dgospel.com.br\/portal\/index.php\/wp-json\/wp\/v2\/types\/post"}],"author":[{"embeddable":true,"href":"https:\/\/dgospel.com.br\/portal\/index.php\/wp-json\/wp\/v2\/users\/2"}],"replies":[{"embeddable":true,"href":"https:\/\/dgospel.com.br\/portal\/index.php\/wp-json\/wp\/v2\/comments?post=12891"}],"version-history":[{"count":1,"href":"https:\/\/dgospel.com.br\/portal\/index.php\/wp-json\/wp\/v2\/posts\/12891\/revisions"}],"predecessor-version":[{"id":12893,"href":"https:\/\/dgospel.com.br\/portal\/index.php\/wp-json\/wp\/v2\/posts\/12891\/revisions\/12893"}],"wp:featuredmedia":[{"embeddable":true,"href":"https:\/\/dgospel.com.br\/portal\/index.php\/wp-json\/wp\/v2\/media\/12892"}],"wp:attachment":[{"href":"https:\/\/dgospel.com.br\/portal\/index.php\/wp-json\/wp\/v2\/media?parent=12891"}],"wp:term":[{"taxonomy":"category","embeddable":true,"href":"https:\/\/dgospel.com.br\/portal\/index.php\/wp-json\/wp\/v2\/categories?post=12891"},{"taxonomy":"post_tag","embeddable":true,"href":"https:\/\/dgospel.com.br\/portal\/index.php\/wp-json\/wp\/v2\/tags?post=12891"}],"curies":[{"name":"wp","href":"https:\/\/api.w.org\/{rel}","templated":true}]}}