{"id":12894,"date":"2022-10-17T10:11:20","date_gmt":"2022-10-17T13:11:20","guid":{"rendered":"http:\/\/dgospel.com.br\/portal\/?p=12894"},"modified":"2022-10-17T10:11:21","modified_gmt":"2022-10-17T13:11:21","slug":"mais-de-40-estacoes-de-radio-sao-fechadas-na-venezuela","status":"publish","type":"post","link":"https:\/\/dgospel.com.br\/portal\/index.php\/2022\/10\/17\/mais-de-40-estacoes-de-radio-sao-fechadas-na-venezuela\/","title":{"rendered":"Mais de 40 esta\u00e7\u00f5es de r\u00e1dio s\u00e3o fechadas na Venezuela"},"content":{"rendered":"\n<p>O Col\u00e9gio Nacional de Jornalistas da Venezuela (CNP) denunciou neste s\u00e1bado (15) o fechamento de 46 esta\u00e7\u00f5es de r\u00e1dio em sete estados do pa\u00eds, que foram retiradas do ar pelo regulador de telecomunica\u00e7\u00f5es nos \u00faltimos quatro meses.<\/p>\n\n\n\n<p>A secret\u00e1ria-geral do CNP, Delvalle Canel\u00f3n, explicou \u00e0 Ag\u00eancia internacional EFE que esses fechamentos est\u00e3o ocorrendo desde julho pela Comiss\u00e3o Nacional de Telecomunica\u00e7\u00f5es (Conatel), que n\u00e3o apenas ordena que as emissoras saiam do ar, assegurou, mas tamb\u00e9m \u201capreende os equipamentos de transmiss\u00e3o\u201d dessas plataformas, a\u00e7\u00e3o que qualificou como \u201croubo\u201d.<\/p>\n\n\n\n<p>Ela explicou que os fechamentos registrados at\u00e9 agora ocorreram nos estados de Zulia (19), Cojedes (14), Sucre (4), Yaracuy (3), Portuguesa (2), Carabobo (2) e Barinas (2).<\/p>\n\n\n\n<p>\u2013 Estamos preocupados porque isso representa um novo ataque do governo \u00e0 sua chamada hegemonia da comunica\u00e7\u00e3o, que est\u00e1 cada vez mais se aproximando dos poucos meios de comunica\u00e7\u00e3o restantes \u2013 disse.<\/p>\n\n\n\n<p>Canel\u00f3n destacou que a entidade reguladora negou a essas esta\u00e7\u00f5es a licen\u00e7a para operar regularmente, apesar de terem apresentado a documenta\u00e7\u00e3o necess\u00e1ria para esse fim em v\u00e1rias ocasi\u00f5es.<\/p>\n\n\n\n<p>Acrescentou que nos \u00faltimos meses ordenou tamb\u00e9m a retirada do ar de programas de informa\u00e7\u00e3o radiof\u00f4nica que transmitem coment\u00e1rios ou fazem queixas da comunidade \u201cque v\u00e3o al\u00e9m daquilo do que eles (o Estado) consideram ser liberdade de express\u00e3o\u201d.<\/p>\n\n\n\n<p>Em sua conta no Twitter, o CNP denunciou que esses eventos \u201ccontribuem para a pol\u00edtica de censura promovida pelo Estado venezuelano\u201d que coloca o pa\u00eds e seus cidad\u00e3os no \u201cmaior limiar do obscurantismo da informa\u00e7\u00e3o\u201d.<\/p>\n\n\n\n<p>O sindicato dos jornalistas lembrou que informar n\u00e3o pode representar um crime e que a liberdade de informa\u00e7\u00e3o e express\u00e3o s\u00e3o direitos humanos garantidos na Constitui\u00e7\u00e3o venezuelana.<\/p>\n\n\n\n<p>No dia 12 de agosto, o Sindicato Nacional dos Trabalhadores da Imprensa (SNTP) pediu ao Provedor de Justi\u00e7a que mediasse para que \u201ccesse \u201co ataque contra as r\u00e1dios e outros meios de comunica\u00e7\u00e3o\u201d no estado de Cojedes, onde seis esta\u00e7\u00f5es foram retiradas do ar pelo regulador de telecomunica\u00e7\u00f5es em julho.<\/p>\n\n\n\n<p>*EFE<\/p>\n","protected":false},"excerpt":{"rendered":"<p>O Col\u00e9gio Nacional de Jornalistas da Venezuela (CNP) denunciou neste s\u00e1bado (15) o fechamento de 46 esta\u00e7\u00f5es de r\u00e1dio em sete estados do pa\u00eds, que foram retiradas do ar pelo regulador de telecomunica\u00e7\u00f5es nos \u00faltimos quatro meses. A secret\u00e1ria-geral do CNP, Delvalle Canel\u00f3n, explicou \u00e0 Ag\u00eancia internacional EFE que esses fechamentos est\u00e3o ocorrendo desde julho [&hellip;]<\/p>\n","protected":false},"author":2,"featured_media":12895,"comment_status":"open","ping_status":"open","sticky":false,"template":"","format":"standard","meta":[],"categories":[16],"tags":[],"_links":{"self":[{"href":"https:\/\/dgospel.com.br\/portal\/index.php\/wp-json\/wp\/v2\/posts\/12894"}],"collection":[{"href":"https:\/\/dgospel.com.br\/portal\/index.php\/wp-json\/wp\/v2\/posts"}],"about":[{"href":"https:\/\/dgospel.com.br\/portal\/index.php\/wp-json\/wp\/v2\/types\/post"}],"author":[{"embeddable":true,"href":"https:\/\/dgospel.com.br\/portal\/index.php\/wp-json\/wp\/v2\/users\/2"}],"replies":[{"embeddable":true,"href":"https:\/\/dgospel.com.br\/portal\/index.php\/wp-json\/wp\/v2\/comments?post=12894"}],"version-history":[{"count":1,"href":"https:\/\/dgospel.com.br\/portal\/index.php\/wp-json\/wp\/v2\/posts\/12894\/revisions"}],"predecessor-version":[{"id":12896,"href":"https:\/\/dgospel.com.br\/portal\/index.php\/wp-json\/wp\/v2\/posts\/12894\/revisions\/12896"}],"wp:featuredmedia":[{"embeddable":true,"href":"https:\/\/dgospel.com.br\/portal\/index.php\/wp-json\/wp\/v2\/media\/12895"}],"wp:attachment":[{"href":"https:\/\/dgospel.com.br\/portal\/index.php\/wp-json\/wp\/v2\/media?parent=12894"}],"wp:term":[{"taxonomy":"category","embeddable":true,"href":"https:\/\/dgospel.com.br\/portal\/index.php\/wp-json\/wp\/v2\/categories?post=12894"},{"taxonomy":"post_tag","embeddable":true,"href":"https:\/\/dgospel.com.br\/portal\/index.php\/wp-json\/wp\/v2\/tags?post=12894"}],"curies":[{"name":"wp","href":"https:\/\/api.w.org\/{rel}","templated":true}]}}