{"id":12906,"date":"2022-10-17T10:25:03","date_gmt":"2022-10-17T13:25:03","guid":{"rendered":"http:\/\/dgospel.com.br\/portal\/?p=12906"},"modified":"2022-10-17T10:25:04","modified_gmt":"2022-10-17T13:25:04","slug":"presidente-da-cgadb-pede-aos-assembleianos-que-votem-em-bolsonaro-no-segundo-turno","status":"publish","type":"post","link":"https:\/\/dgospel.com.br\/portal\/index.php\/2022\/10\/17\/presidente-da-cgadb-pede-aos-assembleianos-que-votem-em-bolsonaro-no-segundo-turno\/","title":{"rendered":"Presidente da CGADB pede aos assembleianos que votem em Bolsonaro no segundo turno"},"content":{"rendered":"\n<p>Na manh\u00e3 desta quinta-feira, 13 de outubro, a Conven\u00e7\u00e3o Geral dos Ministros das Igrejas Evang\u00e9licas Assembleia de Deus no Brasil (CGADB) realizou mais um evento Cidadania AD Brasil, sob a lideran\u00e7a do pastor Jos\u00e9 Wellington Costa J\u00fanior, presidente da entidade, e pastores das Assembleias de Deus do Nordeste.<\/p>\n\n\n\n<p>O evento ocorreu em Recife (PE) e foi transmitido pelas redes sociais da CGADB. O encontro contou com a presen\u00e7a do presidente da Rep\u00fablica e candidato \u00e0 reelei\u00e7\u00e3o Jair Messias Bolsonaro.<\/p>\n\n\n\n<p>Na oportunidade o presidente da CGADB, pastor Jos\u00e9 Wellington J\u00fanior, fez quest\u00e3o de pedir a todos os assembleianos que se unam para votar no presidente e candidato \u00e0 reelei\u00e7\u00e3o, Jair Bolsonaro<\/p>\n\n\n\n<p>\u201cEntendemos que \u00e9 o melhor para o Brasil, pois ele defende Deus, p\u00e1tria e fam\u00edlia e para n\u00f3s j\u00e1 \u00e9 o suficiente\u201d, afirmou o l\u00edder assembleiano.<\/p>\n\n\n\n<p>O pastor A\u00edlton Jos\u00e9 Alves, presidente da Assembleia de Deus Pernambuco tamb\u00e9m declarou apoio ao presidente Bolsonaro. \u201cNo dia 30, vote 22. Eu estarei votando tamb\u00e9m. Vote por Deus, p\u00e1tria, fam\u00edlia, liberdade e pela Igreja do Senhor Jesus\u201d, disse ele.<\/p>\n\n\n\n<p>O presidente agradeceu o apoio e se comprometeu em continuar lutando pelo pa\u00eds.<\/p>\n","protected":false},"excerpt":{"rendered":"<p>Na manh\u00e3 desta quinta-feira, 13 de outubro, a Conven\u00e7\u00e3o Geral dos Ministros das Igrejas Evang\u00e9licas Assembleia de Deus no Brasil (CGADB) realizou mais um evento Cidadania AD Brasil, sob a lideran\u00e7a do pastor Jos\u00e9 Wellington Costa J\u00fanior, presidente da entidade, e pastores das Assembleias de Deus do Nordeste. O evento ocorreu em Recife (PE) e [&hellip;]<\/p>\n","protected":false},"author":2,"featured_media":12907,"comment_status":"open","ping_status":"open","sticky":false,"template":"","format":"standard","meta":[],"categories":[5],"tags":[],"_links":{"self":[{"href":"https:\/\/dgospel.com.br\/portal\/index.php\/wp-json\/wp\/v2\/posts\/12906"}],"collection":[{"href":"https:\/\/dgospel.com.br\/portal\/index.php\/wp-json\/wp\/v2\/posts"}],"about":[{"href":"https:\/\/dgospel.com.br\/portal\/index.php\/wp-json\/wp\/v2\/types\/post"}],"author":[{"embeddable":true,"href":"https:\/\/dgospel.com.br\/portal\/index.php\/wp-json\/wp\/v2\/users\/2"}],"replies":[{"embeddable":true,"href":"https:\/\/dgospel.com.br\/portal\/index.php\/wp-json\/wp\/v2\/comments?post=12906"}],"version-history":[{"count":1,"href":"https:\/\/dgospel.com.br\/portal\/index.php\/wp-json\/wp\/v2\/posts\/12906\/revisions"}],"predecessor-version":[{"id":12908,"href":"https:\/\/dgospel.com.br\/portal\/index.php\/wp-json\/wp\/v2\/posts\/12906\/revisions\/12908"}],"wp:featuredmedia":[{"embeddable":true,"href":"https:\/\/dgospel.com.br\/portal\/index.php\/wp-json\/wp\/v2\/media\/12907"}],"wp:attachment":[{"href":"https:\/\/dgospel.com.br\/portal\/index.php\/wp-json\/wp\/v2\/media?parent=12906"}],"wp:term":[{"taxonomy":"category","embeddable":true,"href":"https:\/\/dgospel.com.br\/portal\/index.php\/wp-json\/wp\/v2\/categories?post=12906"},{"taxonomy":"post_tag","embeddable":true,"href":"https:\/\/dgospel.com.br\/portal\/index.php\/wp-json\/wp\/v2\/tags?post=12906"}],"curies":[{"name":"wp","href":"https:\/\/api.w.org\/{rel}","templated":true}]}}