{"id":12915,"date":"2022-10-18T08:58:17","date_gmt":"2022-10-18T11:58:17","guid":{"rendered":"http:\/\/dgospel.com.br\/portal\/?p=12915"},"modified":"2022-10-18T08:58:18","modified_gmt":"2022-10-18T11:58:18","slug":"apos-declarar-apoio-wanderlei-barbosa-se-encontra-com-bolsonaro-em-brasilia","status":"publish","type":"post","link":"https:\/\/dgospel.com.br\/portal\/index.php\/2022\/10\/18\/apos-declarar-apoio-wanderlei-barbosa-se-encontra-com-bolsonaro-em-brasilia\/","title":{"rendered":"Ap\u00f3s declarar apoio, Wanderlei Barbosa se encontra com Bolsonaro em Bras\u00edlia"},"content":{"rendered":"\n<p>Ap\u00f3s&nbsp;<a href=\"https:\/\/g1.globo.com\/to\/tocantins\/noticia\/2022\/10\/17\/governador-wanderlei-barbosa-do-republicanos-declara-apoio-a-bolsonaro-no-segundo-turno.ghtml\">declarar apoio a Jair Bolsonaro (PL), Wanderlei Barbosa (Republicanos)<\/a>&nbsp;viajou at\u00e9 Bras\u00edlia (DF) para se encontrar com o presidente na tarde desta segunda-feira (17). O governador foi recebido no&nbsp;<a href=\"https:\/\/g1.globo.com\/df\/distrito-federal\/eleicoes\/2022\/noticia\/2022\/10\/17\/bolsonaro-cantores-sertanejos-brasilia.ghtml\">Pal\u00e1cio da Alvorada e falou em hipotecar o apoio dos tocantinenses<\/a>.<\/p>\n\n\n\n<p>&#8220;N\u00f3s viemos [&#8230;] para hipotecar os apoios do tocantinense. N\u00f3s compreendemos a import\u00e2ncia do agro, as pol\u00edticas promovidas pelo senhor deram certo para alavancar a nossa economia&#8221;, disse Barbosa.<\/p>\n\n\n\n<p>O governador foi recebido depois de&nbsp;<a href=\"https:\/\/g1.globo.com\/df\/distrito-federal\/eleicoes\/2022\/noticia\/2022\/10\/17\/bolsonaro-cantores-sertanejos-brasilia.ghtml\">uma reuni\u00e3o que o presidente teve com cantores sertanejos.<\/a><\/p>\n\n\n\n<p>&#8220;Tocantins \u00e9 um estado que tem voca\u00e7\u00e3o para o agroneg\u00f3cio e para o turismo. Com a nossa reelei\u00e7\u00e3o, Tocantins ter\u00e1 uma linha direta com o governo federal. Muitas outras pautas nos unem, a nossa forma\u00e7\u00e3o religiosa, o nosso respeito \u00e0 fam\u00edlia, o nosso compromisso de um Brasil maior pelo livre mercado, pelo respeito a todos, pela nossa liberdade&#8221;, disse Bolsonaro.<\/p>\n\n\n\n<p><strong>Declara\u00e7\u00e3o de apoio<\/strong><\/p>\n\n\n\n<p>Wanderlei Barbosa declarou apoio a Bolsonaro no fim da manh\u00e3, durante uma reuni\u00e3o pol\u00edtica em hotel de Palmas.<\/p>\n\n\n\n<p>Durante o discurso em que explicou a decis\u00e3o, o governador disse que conversou com empres\u00e1rios do agroneg\u00f3cio e entendeu que o apoio a Bolsonaro \u00e9 importante para a economia e gera\u00e7\u00e3o de empregos. Tamb\u00e9m citou quest\u00f5es familiares como o apoio do pai e do irm\u00e3o ao atual presidente.<\/p>\n\n\n\n<p>\u201cEu tenho que atuar pela minha fam\u00edlia, pela sociedade tocantinense e pelo Brasil. Eu declaro o meu voto para o presidente Bolsonaro\u201d, disse.<\/p>\n\n\n\n<p><strong>Mudan\u00e7a de posicionamento<\/strong><\/p>\n\n\n\n<p>Esta foi a primeira vez que o governador do Tocantins declarou publicamente apoio a um candidato na disputa da Presid\u00eancia.<\/p>\n\n\n\n<p>Durante o primeiro turno ele se manteve neutro, e chegou a dizer que n\u00e3o podia pedir voto a um candidato que estava apoiando outra pessoa para o governo do Tocantins por ter &#8220;amor pr\u00f3prio&#8221; &#8211; referindo-se ao apoio de Bolsonaro a Ronaldo Dimas (PL).<\/p>\n\n\n\n<p>Ap\u00f3s se reeleito, Wanderlei voltou a dizer, durante entrevista \u00e0 TV Anhanguera no dia 3 de outubro, que pretendia trabalhar junto com quem fosse eleito, mas iria pensar sobre declarar apoio a algum candidato.<\/p>\n\n\n\n<p>No primeiro turno,\u00a0<a href=\"https:\/\/g1.globo.com\/politica\/politico\/jair-bolsonaro\/\">Jair Bolsonaro<\/a>\u00a0(PL) teve 379.194 votos (44%) no Tocantins e foi derrotado pelo ex-presidente Lula (PT), com 434.303 dos votos v\u00e1lidos (50,40%).<\/p>\n\n\n\n<p>Fonte: g1\/Tocantins<\/p>\n","protected":false},"excerpt":{"rendered":"<p>Ap\u00f3s&nbsp;declarar apoio a Jair Bolsonaro (PL), Wanderlei Barbosa (Republicanos)&nbsp;viajou at\u00e9 Bras\u00edlia (DF) para se encontrar com o presidente na tarde desta segunda-feira (17). O governador foi recebido no&nbsp;Pal\u00e1cio da Alvorada e falou em hipotecar o apoio dos tocantinenses. &#8220;N\u00f3s viemos [&#8230;] para hipotecar os apoios do tocantinense. N\u00f3s compreendemos a import\u00e2ncia do agro, as pol\u00edticas [&hellip;]<\/p>\n","protected":false},"author":2,"featured_media":12916,"comment_status":"open","ping_status":"open","sticky":false,"template":"","format":"standard","meta":[],"categories":[4],"tags":[13],"_links":{"self":[{"href":"https:\/\/dgospel.com.br\/portal\/index.php\/wp-json\/wp\/v2\/posts\/12915"}],"collection":[{"href":"https:\/\/dgospel.com.br\/portal\/index.php\/wp-json\/wp\/v2\/posts"}],"about":[{"href":"https:\/\/dgospel.com.br\/portal\/index.php\/wp-json\/wp\/v2\/types\/post"}],"author":[{"embeddable":true,"href":"https:\/\/dgospel.com.br\/portal\/index.php\/wp-json\/wp\/v2\/users\/2"}],"replies":[{"embeddable":true,"href":"https:\/\/dgospel.com.br\/portal\/index.php\/wp-json\/wp\/v2\/comments?post=12915"}],"version-history":[{"count":1,"href":"https:\/\/dgospel.com.br\/portal\/index.php\/wp-json\/wp\/v2\/posts\/12915\/revisions"}],"predecessor-version":[{"id":12917,"href":"https:\/\/dgospel.com.br\/portal\/index.php\/wp-json\/wp\/v2\/posts\/12915\/revisions\/12917"}],"wp:featuredmedia":[{"embeddable":true,"href":"https:\/\/dgospel.com.br\/portal\/index.php\/wp-json\/wp\/v2\/media\/12916"}],"wp:attachment":[{"href":"https:\/\/dgospel.com.br\/portal\/index.php\/wp-json\/wp\/v2\/media?parent=12915"}],"wp:term":[{"taxonomy":"category","embeddable":true,"href":"https:\/\/dgospel.com.br\/portal\/index.php\/wp-json\/wp\/v2\/categories?post=12915"},{"taxonomy":"post_tag","embeddable":true,"href":"https:\/\/dgospel.com.br\/portal\/index.php\/wp-json\/wp\/v2\/tags?post=12915"}],"curies":[{"name":"wp","href":"https:\/\/api.w.org\/{rel}","templated":true}]}}