{"id":12921,"date":"2022-10-18T09:11:16","date_gmt":"2022-10-18T12:11:16","guid":{"rendered":"http:\/\/dgospel.com.br\/portal\/?p=12921"},"modified":"2022-10-18T09:11:16","modified_gmt":"2022-10-18T12:11:16","slug":"pt-quer-abrir-igreja-evangelica-ligada-ao-partido","status":"publish","type":"post","link":"https:\/\/dgospel.com.br\/portal\/index.php\/2022\/10\/18\/pt-quer-abrir-igreja-evangelica-ligada-ao-partido\/","title":{"rendered":"PT quer abrir igreja evang\u00e9lica ligada ao partido"},"content":{"rendered":"\n<p>Em entrevista ao jornal O Globo, o vice-presidente nacional do Partido dos Trabalhadores (PT), Washington Quaqu\u00e1, deputado federal eleito, declarou que h\u00e1 planos para que o partido abra uma igreja pentecostal na cidade de Maric\u00e1, Rio de Janeiro.<\/p>\n\n\n\n<p>Quaqu\u00e1 n\u00e3o \u00e9 evang\u00e9lico, mas entende que a sigla precisa de uma comunica\u00e7\u00e3o com os evang\u00e9licos \u201cmais org\u00e2nica\u201d que ser\u00e1 realizada por interm\u00e9dio da abertura de uma denomina\u00e7\u00e3o.<\/p>\n\n\n\n<p>\u2013 Estamos montando o estatuto da igreja e j\u00e1 temos at\u00e9 nome. Ser\u00e1 Igreja Jesus Libertador. Temos que fazer essa disputa de narrativa na sociedade de maneira mais org\u00e2nica \u2013 adiantou o pol\u00edtico.<\/p>\n\n\n\n<p>Para enganar os evang\u00e9licos, a denomina\u00e7\u00e3o pretende se apresentar como contra a legaliza\u00e7\u00e3o do aborto e das drogas. Mas ter\u00e1 total liga\u00e7\u00e3o com o PT, que defende tais pautas.<\/p>\n\n\n\n<p>O nome da igreja, Jesus Libertador, faz parte de um movimento dentro da pr\u00f3pria sigla e que tamb\u00e9m aparece em materiais distribu\u00eddos durante a campanha eleitoral para atrair o eleitorado evang\u00e9lico.<\/p>\n","protected":false},"excerpt":{"rendered":"<p>Em entrevista ao jornal O Globo, o vice-presidente nacional do Partido dos Trabalhadores (PT), Washington Quaqu\u00e1, deputado federal eleito, declarou que h\u00e1 planos para que o partido abra uma igreja pentecostal na cidade de Maric\u00e1, Rio de Janeiro. Quaqu\u00e1 n\u00e3o \u00e9 evang\u00e9lico, mas entende que a sigla precisa de uma comunica\u00e7\u00e3o com os evang\u00e9licos \u201cmais [&hellip;]<\/p>\n","protected":false},"author":2,"featured_media":12922,"comment_status":"open","ping_status":"open","sticky":false,"template":"","format":"standard","meta":[],"categories":[10],"tags":[],"_links":{"self":[{"href":"https:\/\/dgospel.com.br\/portal\/index.php\/wp-json\/wp\/v2\/posts\/12921"}],"collection":[{"href":"https:\/\/dgospel.com.br\/portal\/index.php\/wp-json\/wp\/v2\/posts"}],"about":[{"href":"https:\/\/dgospel.com.br\/portal\/index.php\/wp-json\/wp\/v2\/types\/post"}],"author":[{"embeddable":true,"href":"https:\/\/dgospel.com.br\/portal\/index.php\/wp-json\/wp\/v2\/users\/2"}],"replies":[{"embeddable":true,"href":"https:\/\/dgospel.com.br\/portal\/index.php\/wp-json\/wp\/v2\/comments?post=12921"}],"version-history":[{"count":1,"href":"https:\/\/dgospel.com.br\/portal\/index.php\/wp-json\/wp\/v2\/posts\/12921\/revisions"}],"predecessor-version":[{"id":12923,"href":"https:\/\/dgospel.com.br\/portal\/index.php\/wp-json\/wp\/v2\/posts\/12921\/revisions\/12923"}],"wp:featuredmedia":[{"embeddable":true,"href":"https:\/\/dgospel.com.br\/portal\/index.php\/wp-json\/wp\/v2\/media\/12922"}],"wp:attachment":[{"href":"https:\/\/dgospel.com.br\/portal\/index.php\/wp-json\/wp\/v2\/media?parent=12921"}],"wp:term":[{"taxonomy":"category","embeddable":true,"href":"https:\/\/dgospel.com.br\/portal\/index.php\/wp-json\/wp\/v2\/categories?post=12921"},{"taxonomy":"post_tag","embeddable":true,"href":"https:\/\/dgospel.com.br\/portal\/index.php\/wp-json\/wp\/v2\/tags?post=12921"}],"curies":[{"name":"wp","href":"https:\/\/api.w.org\/{rel}","templated":true}]}}