{"id":12924,"date":"2022-10-18T10:42:59","date_gmt":"2022-10-18T13:42:59","guid":{"rendered":"http:\/\/dgospel.com.br\/portal\/?p=12924"},"modified":"2022-10-18T10:43:00","modified_gmt":"2022-10-18T13:43:00","slug":"homem-furta-25-celulares-em-ato-pro-lula","status":"publish","type":"post","link":"https:\/\/dgospel.com.br\/portal\/index.php\/2022\/10\/18\/homem-furta-25-celulares-em-ato-pro-lula\/","title":{"rendered":"Homem furta 25 celulares em ato pr\u00f3-Lula"},"content":{"rendered":"\n<p>Na \u00faltima sexta-feira (14), a Pol\u00edcia Civil prendeu, em flagrante, um homem que furtou 25 celulares de participantes de um ato em favor do ex-presidente Lula (PT), no Recife (PE). A corpora\u00e7\u00e3o revelou que o bandido foi detido ap\u00f3s persegui\u00e7\u00e3o policial. As informa\u00e7\u00f5es s\u00e3o do G1.<\/p>\n\n\n\n<p>O criminoso foi identificado como Alisson Ferreira dos Santos, de 32 anos de idade. Ele seria da Para\u00edba e teria ido para a capital pernambucana para furtar celulares.<\/p>\n\n\n\n<p>Alisson foi localizado por causa de um sistema de rastreamento do aparelho do advogado Guto Santa Cruz, que foi uma das v\u00edtimas.<\/p>\n\n\n\n<p>Segundo a pol\u00edcia, o homem foi autuado em flagrante e reconhecido por uma das v\u00edtimas que estava na passeata.<\/p>\n","protected":false},"excerpt":{"rendered":"<p>Na \u00faltima sexta-feira (14), a Pol\u00edcia Civil prendeu, em flagrante, um homem que furtou 25 celulares de participantes de um ato em favor do ex-presidente Lula (PT), no Recife (PE). A corpora\u00e7\u00e3o revelou que o bandido foi detido ap\u00f3s persegui\u00e7\u00e3o policial. As informa\u00e7\u00f5es s\u00e3o do G1. O criminoso foi identificado como Alisson Ferreira dos Santos, [&hellip;]<\/p>\n","protected":false},"author":2,"featured_media":12925,"comment_status":"open","ping_status":"open","sticky":false,"template":"","format":"standard","meta":[],"categories":[10],"tags":[],"_links":{"self":[{"href":"https:\/\/dgospel.com.br\/portal\/index.php\/wp-json\/wp\/v2\/posts\/12924"}],"collection":[{"href":"https:\/\/dgospel.com.br\/portal\/index.php\/wp-json\/wp\/v2\/posts"}],"about":[{"href":"https:\/\/dgospel.com.br\/portal\/index.php\/wp-json\/wp\/v2\/types\/post"}],"author":[{"embeddable":true,"href":"https:\/\/dgospel.com.br\/portal\/index.php\/wp-json\/wp\/v2\/users\/2"}],"replies":[{"embeddable":true,"href":"https:\/\/dgospel.com.br\/portal\/index.php\/wp-json\/wp\/v2\/comments?post=12924"}],"version-history":[{"count":1,"href":"https:\/\/dgospel.com.br\/portal\/index.php\/wp-json\/wp\/v2\/posts\/12924\/revisions"}],"predecessor-version":[{"id":12926,"href":"https:\/\/dgospel.com.br\/portal\/index.php\/wp-json\/wp\/v2\/posts\/12924\/revisions\/12926"}],"wp:featuredmedia":[{"embeddable":true,"href":"https:\/\/dgospel.com.br\/portal\/index.php\/wp-json\/wp\/v2\/media\/12925"}],"wp:attachment":[{"href":"https:\/\/dgospel.com.br\/portal\/index.php\/wp-json\/wp\/v2\/media?parent=12924"}],"wp:term":[{"taxonomy":"category","embeddable":true,"href":"https:\/\/dgospel.com.br\/portal\/index.php\/wp-json\/wp\/v2\/categories?post=12924"},{"taxonomy":"post_tag","embeddable":true,"href":"https:\/\/dgospel.com.br\/portal\/index.php\/wp-json\/wp\/v2\/tags?post=12924"}],"curies":[{"name":"wp","href":"https:\/\/api.w.org\/{rel}","templated":true}]}}