{"id":12930,"date":"2022-10-18T11:52:54","date_gmt":"2022-10-18T14:52:54","guid":{"rendered":"http:\/\/dgospel.com.br\/portal\/?p=12930"},"modified":"2022-10-18T11:52:56","modified_gmt":"2022-10-18T14:52:56","slug":"cubana-zoe-martinez-expoe-lula-o-pt-quer-esconder-isso","status":"publish","type":"post","link":"https:\/\/dgospel.com.br\/portal\/index.php\/2022\/10\/18\/cubana-zoe-martinez-expoe-lula-o-pt-quer-esconder-isso\/","title":{"rendered":"Cubana Zoe Mart\u00ednez exp\u00f5e Lula: \u201cO PT quer esconder isso\u201d"},"content":{"rendered":"\n<p>Neste domingo (16), a cubana Zoe Mart\u00ednez, comentarista da Jovem Pan, publicou um v\u00eddeo no qual critica Lula e o Partido dos Trabalhadores (PT).<\/p>\n\n\n\n<p>\u2013 Este meu v\u00eddeo de hoje n\u00e3o \u00e9 apenas para pessoas que costumam me assistir, que concordam com o que eu falo, mas tamb\u00e9m pra voc\u00ea a\u00ed que por algum acaso meu v\u00eddeo chegou at\u00e9 voc\u00ea e voc\u00ea t\u00e1 cogitando votar no Lula \u2013 iniciou.<\/p>\n\n\n\n<p>Em seguida, ela explicou que ia expor um v\u00eddeo antigo de Lula para mostrar tamb\u00e9m a realidade de regimes que ele defendeu.<\/p>\n\n\n\n<p>\u2013 Eu vou come\u00e7ar com o v\u00eddeo do Lula e, depois, com as not\u00edcias que mostram a realidade cruel de regimes com os que o Lula nesse v\u00eddeo defendeu \u2013 disse.<\/p>\n\n\n\n<p>E acrescentou:<\/p>\n\n\n\n<p>\u2013 Eu vou trazer para voc\u00eas os verdadeiros dados de pa\u00edses que hoje est\u00e3o sendo governados por partidos pol\u00edticos que fazem parte do Foro de S\u00e3o Paulo. (\u2026) E ainda tem gente que insiste em falar que o Foro de S\u00e3o Paulo \u00e9 imagina\u00e7\u00e3o das pessoas de direita, que n\u00e3o existe que \u00e9 teoria da conspira\u00e7\u00e3o. O Lula deixou claro nesse v\u00eddeo que, gra\u00e7as ao Foro de S\u00e3o Paulo, hoje, grande parte da Am\u00e9rica Latina \u00e9 dominada pela esquerda. Antes do Foro, era s\u00f3 Cuba. N\u00e3o sou eu que estou falando, foi o v\u00eddeo; esse v\u00eddeo \u00e9 de 2012.<\/p>\n\n\n\n<p>O Foro de S\u00e3o Paulo \u00e9 organiza\u00e7\u00e3o, que foi institu\u00edda nos anos 90 para fortalecer o bloco de poder de esquerda na Am\u00e9rica Latina, conforme informa\u00e7\u00f5es do site O Antagonista.<\/p>\n\n\n\n<p>Mart\u00ednez mostrou ainda como est\u00e3o alguns pa\u00edses governados por partidos que fazem parte do Foro de S\u00e3o Paulo. Ela exibiu reportagens sobre Venezuela, Cuba e Argentina.<\/p>\n\n\n\n<p><strong>Confira o v\u00eddeo completo:<\/strong><\/p>\n\n\n\n<figure class=\"wp-block-embed is-type-video is-provider-youtube wp-block-embed-youtube wp-embed-aspect-16-9 wp-has-aspect-ratio\"><div class=\"wp-block-embed__wrapper\">\n<iframe loading=\"lazy\" title=\"ASSISTA! O PT quer ESCONDER isso\" width=\"630\" height=\"354\" src=\"https:\/\/www.youtube.com\/embed\/S1aOUOlomJ0?feature=oembed\" frameborder=\"0\" allow=\"accelerometer; autoplay; clipboard-write; encrypted-media; gyroscope; picture-in-picture\" allowfullscreen><\/iframe>\n<\/div><\/figure>\n","protected":false},"excerpt":{"rendered":"<p>Neste domingo (16), a cubana Zoe Mart\u00ednez, comentarista da Jovem Pan, publicou um v\u00eddeo no qual critica Lula e o Partido dos Trabalhadores (PT). \u2013 Este meu v\u00eddeo de hoje n\u00e3o \u00e9 apenas para pessoas que costumam me assistir, que concordam com o que eu falo, mas tamb\u00e9m pra voc\u00ea a\u00ed que por algum acaso [&hellip;]<\/p>\n","protected":false},"author":2,"featured_media":12931,"comment_status":"open","ping_status":"open","sticky":false,"template":"","format":"standard","meta":[],"categories":[4],"tags":[],"_links":{"self":[{"href":"https:\/\/dgospel.com.br\/portal\/index.php\/wp-json\/wp\/v2\/posts\/12930"}],"collection":[{"href":"https:\/\/dgospel.com.br\/portal\/index.php\/wp-json\/wp\/v2\/posts"}],"about":[{"href":"https:\/\/dgospel.com.br\/portal\/index.php\/wp-json\/wp\/v2\/types\/post"}],"author":[{"embeddable":true,"href":"https:\/\/dgospel.com.br\/portal\/index.php\/wp-json\/wp\/v2\/users\/2"}],"replies":[{"embeddable":true,"href":"https:\/\/dgospel.com.br\/portal\/index.php\/wp-json\/wp\/v2\/comments?post=12930"}],"version-history":[{"count":1,"href":"https:\/\/dgospel.com.br\/portal\/index.php\/wp-json\/wp\/v2\/posts\/12930\/revisions"}],"predecessor-version":[{"id":12932,"href":"https:\/\/dgospel.com.br\/portal\/index.php\/wp-json\/wp\/v2\/posts\/12930\/revisions\/12932"}],"wp:featuredmedia":[{"embeddable":true,"href":"https:\/\/dgospel.com.br\/portal\/index.php\/wp-json\/wp\/v2\/media\/12931"}],"wp:attachment":[{"href":"https:\/\/dgospel.com.br\/portal\/index.php\/wp-json\/wp\/v2\/media?parent=12930"}],"wp:term":[{"taxonomy":"category","embeddable":true,"href":"https:\/\/dgospel.com.br\/portal\/index.php\/wp-json\/wp\/v2\/categories?post=12930"},{"taxonomy":"post_tag","embeddable":true,"href":"https:\/\/dgospel.com.br\/portal\/index.php\/wp-json\/wp\/v2\/tags?post=12930"}],"curies":[{"name":"wp","href":"https:\/\/api.w.org\/{rel}","templated":true}]}}