{"id":12933,"date":"2022-10-18T11:56:12","date_gmt":"2022-10-18T14:56:12","guid":{"rendered":"http:\/\/dgospel.com.br\/portal\/?p=12933"},"modified":"2022-10-18T11:56:13","modified_gmt":"2022-10-18T14:56:13","slug":"600-levitas-ensaiam-cancoes-em-preparo-para-o-terceiro-templo","status":"publish","type":"post","link":"https:\/\/dgospel.com.br\/portal\/index.php\/2022\/10\/18\/600-levitas-ensaiam-cancoes-em-preparo-para-o-terceiro-templo\/","title":{"rendered":"600 levitas ensaiam can\u00e7\u00f5es em preparo para o Terceiro Templo"},"content":{"rendered":"\n<p>Na \u00faltima quinta-feira (13), 600 judeus identificados como sendo da tribo de Levi, realizaram um ensaio musical, nos degraus que levam ao&nbsp;<a href=\"https:\/\/guiame.com.br\/gospel\/israel\/levitas-reencenam-ritual-de-sucot-em-preparo-para-o-terceiro-templo.html\"><strong>Monte do Templo<\/strong><\/a>.<\/p>\n\n\n\n<p>O local tem uma simbologia especial para eles, j\u00e1 que nos tempos antigos, os levitas cantavam nos 15 degraus, correspondendo aos 15 C\u00e2nticos de Ascens\u00e3o e ao Salmo 15.&nbsp;<\/p>\n\n\n\n<p>Conforme a Mishna \u2014 primeiro texto escrito da tradi\u00e7\u00e3o oral judaica \u2014 sempre havia pelo menos 12 levitas em p\u00e9, na plataforma. Esse n\u00famero, por\u00e9m, poderia aumentar indefinidamente.<\/p>\n\n\n\n<p>A ideia de reunir centenas de levitas, de acordo com Joshua Wander, do Israel 365 News, \u00e9&nbsp;<a href=\"https:\/\/guiame.com.br\/gospel\/israel\/novilha-vermelha-nasce-em-israel-e-aumenta-expectativas-para-o-terceiro-templo.html\"><strong>para que eles j\u00e1 estejam preparados<\/strong><\/a>&nbsp;para desempenhar seu papel no Terceiro Templo.<\/p>\n\n\n\n<p><strong>Renova\u00e7\u00e3o do canto dos levitas<\/strong><\/p>\n\n\n\n<p>Joshua explica que o m\u00fasico, Yitzchak Weiss, um dos organizadores do evento, entende que \u00e9 necess\u00e1rio \u201c<a href=\"https:\/\/guiame.com.br\/gospel\/israel\/sacrificio-de-novilha-vermelha-pode-ocorrer-em-um-ano-em-jerusalem.html\"><strong>trazer de volta o canto dos levitas<\/strong><\/a>&nbsp;e renov\u00e1-lo\u201d.&nbsp;<\/p>\n\n\n\n<p>Weiss disse que a ideia surgiu quando ele era o diretor da escola de m\u00fasica Mizmor, em Givat, Washington. A escola foi inaugurada em 2010 com o objetivo de desenvolver o ensino superior em m\u00fasica para judeus observadores.&nbsp;<\/p>\n\n\n\n<p>\u201cEu queria fazer algo especial para a m\u00fasica judaica, n\u00e3o apenas aprender m\u00fasica para ser cantor\u201d, explicou ao compartilhar que decidiu formar um coro com todos os levitas.&nbsp;<\/p>\n\n\n\n<p>\u201cOs levitas desempenhavam v\u00e1rias fun\u00e7\u00f5es no Templo, incluindo a guarda e o atendimento a todas as necessidades musicais\u201d, continuou ao mencionar que as comunidades judaicas passam o legado dos levitas de pai para filho.<\/p>\n\n\n\n<figure class=\"wp-block-embed is-type-video is-provider-youtube wp-block-embed-youtube wp-embed-aspect-16-9 wp-has-aspect-ratio\"><div class=\"wp-block-embed__wrapper\">\n<iframe loading=\"lazy\" title=\"Levi\u2019im practicing for Temple service in Jerusalem\" width=\"630\" height=\"354\" src=\"https:\/\/www.youtube.com\/embed\/V1bbJYq-nlk?feature=oembed\" frameborder=\"0\" allow=\"accelerometer; autoplay; clipboard-write; encrypted-media; gyroscope; picture-in-picture\" allowfullscreen><\/iframe>\n<\/div><\/figure>\n\n\n\n<p><strong>\u2018Por 2 mil anos, os levitas ficaram sem cantar\u2019<\/strong><\/p>\n\n\n\n<p>Weiss explica que somente homens judeus cujos pais eram levitas s\u00e3o considerados eleg\u00edveis: \u201cEles s\u00e3o reconhecidos por honras not\u00e1veis em&nbsp;<a href=\"https:\/\/guiame.com.br\/gospel\/noticias\/tradicional-bencao-e-realizada-por-descendentes-dos-sacerdotes-do-templo-de-jerusalem.html\"><strong>servi\u00e7os religiosos<\/strong><\/a>&nbsp;e seu status como levitas est\u00e1 inscrito at\u00e9 mesmo em suas l\u00e1pides\u201d.<\/p>\n\n\n\n<p>Segundo o m\u00fasico, reunir um grupo de levitas era muito dif\u00edcil, pois eles representam apenas cerca de 4% da popula\u00e7\u00e3o judaica.<\/p>\n\n\n\n<p>Ao decidir fazer o ensaio em um s\u00f3 lugar, Weiss disse que conseguiu reunir 300 levitas, em 2019. Por\u00e9m, depois disso veio a pandemia por Covid-19. Agora, no primeiro ensaio p\u00f3s-pandemia, cerca de 600 levitas compareceram.<\/p>\n\n\n\n<p>\u201cIsso n\u00e3o \u00e9 teoria ou pr\u00e1tica, isso \u00e9 tradi\u00e7\u00e3o. Estamos trazendo de volta os levitas para cantar. N\u00e3o sei se ser\u00e1 assim no Terceiro Templo, mas por 2 mil anos, os levitas ficaram sem cantar\u201d, lamentou.&nbsp;<\/p>\n\n\n\n<p><strong>\u201cO Terceiro Templo \u00e9 sobre a reuni\u00e3o dos exilados\u201d<\/strong><\/p>\n\n\n\n<p>\u201cAcredito que o&nbsp;<a href=\"https:\/\/guiame.com.br\/colunistas\/mario-moreno\/consagracao-sacerdotal-fazendo-abordagem-certa.html\"><strong>Terceiro Templo<\/strong><\/a>&nbsp;\u00e9 sobre a unidade e a reuni\u00e3o dos exilados\u201d, disse Weiss ao mencionar que a m\u00fasica em si \u00e9 do Oriente e do Ocidente, de todos os tipos de congrega\u00e7\u00f5es e tradi\u00e7\u00f5es.&nbsp;<\/p>\n\n\n\n<p>Sobre os instrumentos, o m\u00fasico disse que eles possuem piano, bateria e violoncelo, \u201cmas tamb\u00e9m temos um qanun, um tipo de c\u00edtara do Oriente M\u00e9dio, e um oud, que \u00e9 um ala\u00fade\u201d, contou.&nbsp;<\/p>\n\n\n\n<p>O qanun e o ala\u00fade representam os instrumentos que estavam no Templo, onde havia instrumentos de sopro, cordas e percuss\u00e3o.&nbsp;<\/p>\n\n\n\n<p>Apesar de n\u00e3o ser um levita, Weiss disse que quer resgatar esse contexto. \u201cEssa \u00e9 a minha vis\u00e3o. Eu quero ser, mas \u00e9 tarde demais para mim\u201d, lamentou.&nbsp;<\/p>\n\n\n\n<p><strong>Sobre o Terceiro Templo<\/strong><\/p>\n\n\n\n<p>O evento que busca resgatar a fun\u00e7\u00e3o dos levitas&nbsp; foi co-patrocinado pelo munic\u00edpio de Jerusal\u00e9m.<\/p>\n\n\n\n<p>\u201cEsse \u00e9 um detalhe importante. O governo municipal est\u00e1 ajudando a preparar o Terceiro Templo\u201d, apontou Joshua Wander.&nbsp;<\/p>\n\n\n\n<p>Durante uma visita ao Monte do Templo, em maio deste ano, o parlamentar israelense Itamar Ben-Gvir declarou: \u201c<a href=\"https:\/\/guiame.com.br\/gospel\/israel\/no-aniversario-de-israel-parlamentar-pede-construcao-do-terceiro-templo.html\"><strong>Chegou a hora de aprovar a constru\u00e7\u00e3o<\/strong><\/a>&nbsp;de uma sinagoga judaica no Monte do Templo\u201d.<\/p>\n\n\n\n<p>Segundo o Israel 365 News, sua declara\u00e7\u00e3o faz rela\u00e7\u00e3o com o Terceiro Templo, por\u00e9m, o local ainda \u00e9 motivo de disputa e tens\u00e3o entre judeus e \u00e1rabes.&nbsp;<\/p>\n","protected":false},"excerpt":{"rendered":"<p>Na \u00faltima quinta-feira (13), 600 judeus identificados como sendo da tribo de Levi, realizaram um ensaio musical, nos degraus que levam ao&nbsp;Monte do Templo. O local tem uma simbologia especial para eles, j\u00e1 que nos tempos antigos, os levitas cantavam nos 15 degraus, correspondendo aos 15 C\u00e2nticos de Ascens\u00e3o e ao Salmo 15.&nbsp; Conforme a [&hellip;]<\/p>\n","protected":false},"author":2,"featured_media":12934,"comment_status":"open","ping_status":"open","sticky":false,"template":"","format":"standard","meta":[],"categories":[16],"tags":[],"_links":{"self":[{"href":"https:\/\/dgospel.com.br\/portal\/index.php\/wp-json\/wp\/v2\/posts\/12933"}],"collection":[{"href":"https:\/\/dgospel.com.br\/portal\/index.php\/wp-json\/wp\/v2\/posts"}],"about":[{"href":"https:\/\/dgospel.com.br\/portal\/index.php\/wp-json\/wp\/v2\/types\/post"}],"author":[{"embeddable":true,"href":"https:\/\/dgospel.com.br\/portal\/index.php\/wp-json\/wp\/v2\/users\/2"}],"replies":[{"embeddable":true,"href":"https:\/\/dgospel.com.br\/portal\/index.php\/wp-json\/wp\/v2\/comments?post=12933"}],"version-history":[{"count":1,"href":"https:\/\/dgospel.com.br\/portal\/index.php\/wp-json\/wp\/v2\/posts\/12933\/revisions"}],"predecessor-version":[{"id":12935,"href":"https:\/\/dgospel.com.br\/portal\/index.php\/wp-json\/wp\/v2\/posts\/12933\/revisions\/12935"}],"wp:featuredmedia":[{"embeddable":true,"href":"https:\/\/dgospel.com.br\/portal\/index.php\/wp-json\/wp\/v2\/media\/12934"}],"wp:attachment":[{"href":"https:\/\/dgospel.com.br\/portal\/index.php\/wp-json\/wp\/v2\/media?parent=12933"}],"wp:term":[{"taxonomy":"category","embeddable":true,"href":"https:\/\/dgospel.com.br\/portal\/index.php\/wp-json\/wp\/v2\/categories?post=12933"},{"taxonomy":"post_tag","embeddable":true,"href":"https:\/\/dgospel.com.br\/portal\/index.php\/wp-json\/wp\/v2\/tags?post=12933"}],"curies":[{"name":"wp","href":"https:\/\/api.w.org\/{rel}","templated":true}]}}