{"id":12936,"date":"2022-10-18T11:59:56","date_gmt":"2022-10-18T14:59:56","guid":{"rendered":"http:\/\/dgospel.com.br\/portal\/?p=12936"},"modified":"2022-10-18T11:59:58","modified_gmt":"2022-10-18T14:59:58","slug":"policia-federal-quer-interrogar-adelio-novamente-diz-jornal","status":"publish","type":"post","link":"https:\/\/dgospel.com.br\/portal\/index.php\/2022\/10\/18\/policia-federal-quer-interrogar-adelio-novamente-diz-jornal\/","title":{"rendered":"Pol\u00edcia Federal quer interrogar Ad\u00e9lio novamente, diz jornal"},"content":{"rendered":"\n<p>A&nbsp;<a href=\"http:\/\/pleno.news\/tag\/policia-federal\" target=\"_blank\" rel=\"noreferrer noopener\">Pol\u00edcia Federal<\/a>&nbsp;(PF) pretende interrogar novamente Ad\u00e9lio Bispo de Oliveira, respons\u00e1vel pelo atentado contra o presidente&nbsp;<a href=\"http:\/\/pleno.news\/tag\/jair-bolsonaro\" target=\"_blank\" rel=\"noreferrer noopener\">Jair Bolsonaro<\/a>&nbsp;(PL) em Juiz de Fora, Minas Gerais, durante as elei\u00e7\u00f5es de 2018. A informa\u00e7\u00e3o foi divulgada nesta ter\u00e7a-feira (18) pelo jornal Folha de S\u00e3o Paulo.<\/p>\n\n\n\n<p>De acordo com a publica\u00e7\u00e3o, o delegado Mart\u00edn Bottaro Purper, encarregado atualmente do inqu\u00e9rito, pediu \u00e0 Justi\u00e7a Federal em Mato Grosso do Sul acesso ao laudo de avalia\u00e7\u00e3o do estado de sa\u00fade mental de Ad\u00e9lio, produzido recentemente por dois peritos. Purper quer saber detalhes das condi\u00e7\u00f5es atuais de sa\u00fade de Ad\u00e9lio antes de efetivar um novo interrogat\u00f3rio.<\/p>\n\n\n\n<p>No entanto, o juiz Luiz Augusto Fiorentini, da 5\u00aa Vara Federal Criminal de Campo Grande, em Mato Grosso do Sul, negou o acesso \u00e0s informa\u00e7\u00f5es. O magistrado alegou que \u201co documento est\u00e1 sob sigilo absoluto e n\u00e3o constitui dilig\u00eancia investigativa sobre fatos pret\u00e9ritos, que justifiquem sua utiliza\u00e7\u00e3o na averigua\u00e7\u00e3o da participa\u00e7\u00e3o e\/ou financiamento por terceiros, no delito praticado pelo internado\u201d.<\/p>\n\n\n\n<p>Purper se tornou encarregado pelo inqu\u00e9rito no in\u00edcio deste ano. Antes dele, o delegado que estava com o caso concluiu por duas vezes que Ad\u00e9lio agiu sozinho e que n\u00e3o houve mandante no crime contra o atual presidente.<\/p>\n\n\n\n<p>Ad\u00e9lio, que segue em uma penitenci\u00e1ria federal na capital sul-mato-grossense, foi submetido a uma nova avalia\u00e7\u00e3o psiqui\u00e1trica em julho. O exame subsidiar\u00e1 a defini\u00e7\u00e3o, pela Justi\u00e7a Federal, sobre se \u00e9 poss\u00edvel ocorrer eventual retorno de Ad\u00e9lio ao conv\u00edvio social.<\/p>\n","protected":false},"excerpt":{"rendered":"<p>A&nbsp;Pol\u00edcia Federal&nbsp;(PF) pretende interrogar novamente Ad\u00e9lio Bispo de Oliveira, respons\u00e1vel pelo atentado contra o presidente&nbsp;Jair Bolsonaro&nbsp;(PL) em Juiz de Fora, Minas Gerais, durante as elei\u00e7\u00f5es de 2018. A informa\u00e7\u00e3o foi divulgada nesta ter\u00e7a-feira (18) pelo jornal Folha de S\u00e3o Paulo. De acordo com a publica\u00e7\u00e3o, o delegado Mart\u00edn Bottaro Purper, encarregado atualmente do inqu\u00e9rito, pediu [&hellip;]<\/p>\n","protected":false},"author":2,"featured_media":12937,"comment_status":"open","ping_status":"open","sticky":false,"template":"","format":"standard","meta":[],"categories":[10],"tags":[],"_links":{"self":[{"href":"https:\/\/dgospel.com.br\/portal\/index.php\/wp-json\/wp\/v2\/posts\/12936"}],"collection":[{"href":"https:\/\/dgospel.com.br\/portal\/index.php\/wp-json\/wp\/v2\/posts"}],"about":[{"href":"https:\/\/dgospel.com.br\/portal\/index.php\/wp-json\/wp\/v2\/types\/post"}],"author":[{"embeddable":true,"href":"https:\/\/dgospel.com.br\/portal\/index.php\/wp-json\/wp\/v2\/users\/2"}],"replies":[{"embeddable":true,"href":"https:\/\/dgospel.com.br\/portal\/index.php\/wp-json\/wp\/v2\/comments?post=12936"}],"version-history":[{"count":1,"href":"https:\/\/dgospel.com.br\/portal\/index.php\/wp-json\/wp\/v2\/posts\/12936\/revisions"}],"predecessor-version":[{"id":12938,"href":"https:\/\/dgospel.com.br\/portal\/index.php\/wp-json\/wp\/v2\/posts\/12936\/revisions\/12938"}],"wp:featuredmedia":[{"embeddable":true,"href":"https:\/\/dgospel.com.br\/portal\/index.php\/wp-json\/wp\/v2\/media\/12937"}],"wp:attachment":[{"href":"https:\/\/dgospel.com.br\/portal\/index.php\/wp-json\/wp\/v2\/media?parent=12936"}],"wp:term":[{"taxonomy":"category","embeddable":true,"href":"https:\/\/dgospel.com.br\/portal\/index.php\/wp-json\/wp\/v2\/categories?post=12936"},{"taxonomy":"post_tag","embeddable":true,"href":"https:\/\/dgospel.com.br\/portal\/index.php\/wp-json\/wp\/v2\/tags?post=12936"}],"curies":[{"name":"wp","href":"https:\/\/api.w.org\/{rel}","templated":true}]}}