{"id":12942,"date":"2022-10-18T18:14:55","date_gmt":"2022-10-18T21:14:55","guid":{"rendered":"http:\/\/dgospel.com.br\/portal\/?p=12942"},"modified":"2022-10-18T18:14:56","modified_gmt":"2022-10-18T21:14:56","slug":"lula-mente-ao-dizer-que-criou-lei-de-2003-sobre-liberdade-religiosa","status":"publish","type":"post","link":"https:\/\/dgospel.com.br\/portal\/index.php\/2022\/10\/18\/lula-mente-ao-dizer-que-criou-lei-de-2003-sobre-liberdade-religiosa\/","title":{"rendered":"Lula mente ao dizer que criou lei de 2003 sobre liberdade religiosa"},"content":{"rendered":"\n<p>No \u00faltimo dia 12 de outubro, durante uma caminhada em Salvador, na Bahia, o ex-presidente Luiz In\u00e1cio&nbsp;<a href=\"http:\/\/pleno.news\/tag\/lula\" target=\"_blank\" rel=\"noreferrer noopener\">Lula<\/a>&nbsp;da Silva (PT) disse que havia criado, durante seu governo, uma lei que garantia a liberdade religiosa. No entanto, ao contr\u00e1rio da fala do petista, a norma em quest\u00e3o n\u00e3o trata especificamente de liberdade religiosa e tampouco foi criada por Lula.<\/p>\n\n\n\n<p>\u2013 Eu respeito todas as religi\u00f5es. Ali\u00e1s, fui eu que fiz a lei, em 2003, de liberdade religiosa, e eu n\u00e3o tiro proveito de religi\u00e3o. Eu respeito todas \u2013 disse o petista, na ocasi\u00e3o.<\/p>\n\n\n\n<p>Sancionada em 2003, a legisla\u00e7\u00e3o citada pelo ex-presidente, a Lei 10.825, na verdade altera dois artigos do C\u00f3digo Civil. Nestes trechos, a norma declara que as organiza\u00e7\u00f5es religiosas e os partidos pol\u00edticos s\u00e3o \u201cpessoas jur\u00eddicas de direito privado\u201d e garante que institui\u00e7\u00f5es de qualquer religi\u00e3o sejam criadas sem que o Estado possa negar seu registro.<\/p>\n\n\n\n<p>Na pr\u00e1tica, o texto n\u00e3o estabelece puni\u00e7\u00f5es para casos de intoler\u00e2ncia religiosa, nem determina quais atos configuram discrimina\u00e7\u00e3o religiosa. Al\u00e9m disso, o projeto de lei que resultou na norma em quest\u00e3o, o PL 634\/2003, n\u00e3o partiu do Poder Executivo, mas teve autoria do ent\u00e3o deputado Paulo Gouv\u00eaa (PL-RS). Ou seja, a lei n\u00e3o foi criada por Lula, mas apenas sancionada por ele.<\/p>\n\n\n\n<p>A liberdade religiosa, por outro lado, j\u00e1 \u00e9 prevista desde a Constitui\u00e7\u00e3o de 1988 que, em seu artigo 5\u00b0, nos incisos VI, VII e VIII, estabelece que a liberdade de cren\u00e7a \u00e9 inviol\u00e1vel, que \u00e9 assegurada a presta\u00e7\u00e3o de assist\u00eancia religiosa e que ningu\u00e9m ser\u00e1 privado de direitos por motivo de cren\u00e7a religiosa.<\/p>\n\n\n\n<p>No Brasil, a Lei 7.716\/89 estabelece puni\u00e7\u00f5es para \u201ccrimes resultantes de discrimina\u00e7\u00e3o ou preconceito de ra\u00e7a, cor, etnia, religi\u00e3o ou proced\u00eancia nacional\u201d. Al\u00e9m disso, o artigo 208 do C\u00f3digo Penal pune a pr\u00e1tica de ultraje a culto, e o impedimento ou perturba\u00e7\u00e3o de ato a ele relativo, com um m\u00eas a um ano de deten\u00e7\u00e3o, ou multa.<\/p>\n\n\n\n<p>Em algumas unidades federativas do pa\u00eds tamb\u00e9m existem legisla\u00e7\u00f5es mais detalhadas sobre o assunto. Em S\u00e3o Paulo, por exemplo, h\u00e1 a Lei 17.346\/2021, conhecida como Lei Estadual de Liberdade Religiosa, que determina multas para diversas pr\u00e1ticas caracterizadas como intoler\u00e2ncia religiosa.<\/p>\n","protected":false},"excerpt":{"rendered":"<p>No \u00faltimo dia 12 de outubro, durante uma caminhada em Salvador, na Bahia, o ex-presidente Luiz In\u00e1cio&nbsp;Lula&nbsp;da Silva (PT) disse que havia criado, durante seu governo, uma lei que garantia a liberdade religiosa. No entanto, ao contr\u00e1rio da fala do petista, a norma em quest\u00e3o n\u00e3o trata especificamente de liberdade religiosa e tampouco foi criada [&hellip;]<\/p>\n","protected":false},"author":2,"featured_media":12943,"comment_status":"open","ping_status":"open","sticky":false,"template":"","format":"standard","meta":[],"categories":[4],"tags":[],"_links":{"self":[{"href":"https:\/\/dgospel.com.br\/portal\/index.php\/wp-json\/wp\/v2\/posts\/12942"}],"collection":[{"href":"https:\/\/dgospel.com.br\/portal\/index.php\/wp-json\/wp\/v2\/posts"}],"about":[{"href":"https:\/\/dgospel.com.br\/portal\/index.php\/wp-json\/wp\/v2\/types\/post"}],"author":[{"embeddable":true,"href":"https:\/\/dgospel.com.br\/portal\/index.php\/wp-json\/wp\/v2\/users\/2"}],"replies":[{"embeddable":true,"href":"https:\/\/dgospel.com.br\/portal\/index.php\/wp-json\/wp\/v2\/comments?post=12942"}],"version-history":[{"count":1,"href":"https:\/\/dgospel.com.br\/portal\/index.php\/wp-json\/wp\/v2\/posts\/12942\/revisions"}],"predecessor-version":[{"id":12944,"href":"https:\/\/dgospel.com.br\/portal\/index.php\/wp-json\/wp\/v2\/posts\/12942\/revisions\/12944"}],"wp:featuredmedia":[{"embeddable":true,"href":"https:\/\/dgospel.com.br\/portal\/index.php\/wp-json\/wp\/v2\/media\/12943"}],"wp:attachment":[{"href":"https:\/\/dgospel.com.br\/portal\/index.php\/wp-json\/wp\/v2\/media?parent=12942"}],"wp:term":[{"taxonomy":"category","embeddable":true,"href":"https:\/\/dgospel.com.br\/portal\/index.php\/wp-json\/wp\/v2\/categories?post=12942"},{"taxonomy":"post_tag","embeddable":true,"href":"https:\/\/dgospel.com.br\/portal\/index.php\/wp-json\/wp\/v2\/tags?post=12942"}],"curies":[{"name":"wp","href":"https:\/\/api.w.org\/{rel}","templated":true}]}}