{"id":12945,"date":"2022-10-19T10:32:22","date_gmt":"2022-10-19T13:32:22","guid":{"rendered":"http:\/\/dgospel.com.br\/portal\/?p=12945"},"modified":"2022-10-19T10:32:23","modified_gmt":"2022-10-19T13:32:23","slug":"bolsonaro-entregou-12-escolas-tecnicas-e-6-universidades","status":"publish","type":"post","link":"https:\/\/dgospel.com.br\/portal\/index.php\/2022\/10\/19\/bolsonaro-entregou-12-escolas-tecnicas-e-6-universidades\/","title":{"rendered":"Bolsonaro entregou 12 escolas t\u00e9cnicas e 6 universidades"},"content":{"rendered":"\n<p>Desde 2019, o governo de Jair Bolsonaro entregou seis universidades federais e autorizou o funcionamento de 12 escolas de educa\u00e7\u00e3o profissional e tecnol\u00f3gica.<\/p>\n\n\n\n<p>A informa\u00e7\u00e3o rebate a fala do ex-presidente Luiz In\u00e1cio Lula da Silva (PT) que declarou durante o debate na TV Bandeirantes, no \u00faltimo domingo (16), que Bolsonaro n\u00e3o investiu em educa\u00e7\u00e3o.<\/p>\n\n\n\n<p>Desde ent\u00e3o, grupos de esquerda se organizaram nas redes sociais para compartilhar a informa\u00e7\u00e3o falsa de que o governo federal n\u00e3o inaugurou nenhuma universidade ou escola t\u00e9cnica.<\/p>\n\n\n\n<p>As universidades federais criadas s\u00f3 foram poss\u00edveis ap\u00f3s decis\u00f5es do Congresso Nacional para desmembrar campus de universidades j\u00e1 existentes.<\/p>\n\n\n\n<p>Elas foram: UFCat (Universidade Federal de Catal\u00e3o), UFJ (Universidade Federal de Jata\u00ed), UFR (Universidade Federal de Rondon\u00f3polis), Ufape (Universidade Federal do Agreste de Pernambuco) e UFDPar (Universidade Federal do Delta do Parna\u00edba).<\/p>\n\n\n\n<p>Al\u00e9m disso, o governo federal criou a UFNT (Universidade Federal do Norte do Tocantins), que antes era um campus da UFT (Universidade Federal do Tocantins). A nomea\u00e7\u00e3o do reitor aconteceu em julho de 2020.<\/p>\n\n\n\n<p>A Setec (Secretaria de Educa\u00e7\u00e3o Profissional e Tecnol\u00f3gica), vinculada ao Minist\u00e9rio da Educa\u00e7\u00e3o, confirma a abertura de 12 unidades da Rede Federal de Educa\u00e7\u00e3o Profissional, Cient\u00edfica e Tecnol\u00f3gica desde 2020.<\/p>\n\n\n\n<p>Metade desses campis j\u00e1 est\u00e3o em funcionamento nos estados do Maranh\u00e3o, Para\u00edba, Sergipe, Esp\u00edrito Santo e S\u00e3o Paulo. Dois est\u00e3o em fase final de implanta\u00e7\u00e3o, sendo um em Itabora\u00ed (RJ) e outro em Miracatu (SP).<\/p>\n","protected":false},"excerpt":{"rendered":"<p>Desde 2019, o governo de Jair Bolsonaro entregou seis universidades federais e autorizou o funcionamento de 12 escolas de educa\u00e7\u00e3o profissional e tecnol\u00f3gica. A informa\u00e7\u00e3o rebate a fala do ex-presidente Luiz In\u00e1cio Lula da Silva (PT) que declarou durante o debate na TV Bandeirantes, no \u00faltimo domingo (16), que Bolsonaro n\u00e3o investiu em educa\u00e7\u00e3o. Desde [&hellip;]<\/p>\n","protected":false},"author":2,"featured_media":12946,"comment_status":"open","ping_status":"open","sticky":false,"template":"","format":"standard","meta":[],"categories":[10],"tags":[],"_links":{"self":[{"href":"https:\/\/dgospel.com.br\/portal\/index.php\/wp-json\/wp\/v2\/posts\/12945"}],"collection":[{"href":"https:\/\/dgospel.com.br\/portal\/index.php\/wp-json\/wp\/v2\/posts"}],"about":[{"href":"https:\/\/dgospel.com.br\/portal\/index.php\/wp-json\/wp\/v2\/types\/post"}],"author":[{"embeddable":true,"href":"https:\/\/dgospel.com.br\/portal\/index.php\/wp-json\/wp\/v2\/users\/2"}],"replies":[{"embeddable":true,"href":"https:\/\/dgospel.com.br\/portal\/index.php\/wp-json\/wp\/v2\/comments?post=12945"}],"version-history":[{"count":1,"href":"https:\/\/dgospel.com.br\/portal\/index.php\/wp-json\/wp\/v2\/posts\/12945\/revisions"}],"predecessor-version":[{"id":12947,"href":"https:\/\/dgospel.com.br\/portal\/index.php\/wp-json\/wp\/v2\/posts\/12945\/revisions\/12947"}],"wp:featuredmedia":[{"embeddable":true,"href":"https:\/\/dgospel.com.br\/portal\/index.php\/wp-json\/wp\/v2\/media\/12946"}],"wp:attachment":[{"href":"https:\/\/dgospel.com.br\/portal\/index.php\/wp-json\/wp\/v2\/media?parent=12945"}],"wp:term":[{"taxonomy":"category","embeddable":true,"href":"https:\/\/dgospel.com.br\/portal\/index.php\/wp-json\/wp\/v2\/categories?post=12945"},{"taxonomy":"post_tag","embeddable":true,"href":"https:\/\/dgospel.com.br\/portal\/index.php\/wp-json\/wp\/v2\/tags?post=12945"}],"curies":[{"name":"wp","href":"https:\/\/api.w.org\/{rel}","templated":true}]}}