{"id":12948,"date":"2022-10-19T10:41:49","date_gmt":"2022-10-19T13:41:49","guid":{"rendered":"http:\/\/dgospel.com.br\/portal\/?p=12948"},"modified":"2022-10-19T10:41:51","modified_gmt":"2022-10-19T13:41:51","slug":"lula-diz-que-sentiu-orgulho-de-ter-estado-com-ortega-em-celebracao-por-revolucao","status":"publish","type":"post","link":"https:\/\/dgospel.com.br\/portal\/index.php\/2022\/10\/19\/lula-diz-que-sentiu-orgulho-de-ter-estado-com-ortega-em-celebracao-por-revolucao\/","title":{"rendered":"Lula diz que sentiu \u201corgulho\u201d de ter estado com Ortega em celebra\u00e7\u00e3o por Revolu\u00e7\u00e3o"},"content":{"rendered":"\n<p>No primeiro debate presidencial do segundo turno das elei\u00e7\u00f5es 2022, o ex-presidente Luiz In\u00e1cio Lula da Silva (PT) reagiu a uma pergunta feita pelo presidente Jair Messias Bolsonaro (PL), onde o mesmo declarou ter sentido \u201cmuito orgulho\u201d por ter estado com o ditador Daniel Ortega, da Nicar\u00e1gua.<\/p>\n\n\n\n<p>Na ocasi\u00e3o, Bolsonaro perguntou ao ex-presidente se ele considera Ortega um amigo pol\u00edtico, citando casos de persegui\u00e7\u00e3o sofridos por l\u00edderes crist\u00e3os no pa\u00eds. Conforme o j\u00e1 noticiado pelo&nbsp;<a href=\"https:\/\/noticias.gospelmais.com.br\/presbitero-desaparecido-nicaragua-repressao-aliado-lula-156758.html\">GospelMais<\/a>, igrejas contr\u00e1rias ao governo t\u00eam sido fechadas pelo regime ditador.<\/p>\n\n\n\n<p>Lula, por sua vez, buscou se evadir da pergunta do presidente Jair Bolsonaro, colocando a trucul\u00eancia ditatorial de Ortega em d\u00favida ao iniciar a sua resposta utilizando o pronome \u201cse\u201d.<\/p>\n\n\n\n<p>\u201c<strong>Se&nbsp;<\/strong>o Daniel Ortega est\u00e1 errando, o povo da Nicar\u00e1gua que puna o Daniel Ortega\u201d, disse o petista, com destaque nosso. Antes, tamb\u00e9m, Lula lembrou que esteve nas comemora\u00e7\u00f5es dos 30 anos da queda do regime ditatorial de Anastasio Somoza, que durou na Nicar\u00e1gua do ano 1937 ao 1979.<\/p>\n\n\n\n<p>\u201cEu senti muito orgulho de no dia 19 de julho de 1980 ir participar da comemora\u00e7\u00e3o do anivers\u00e1rio da Revolu\u00e7\u00e3o Sandinista que derrubou um ditador chamado Somoza, de 30 anos\u201d, afirmou o ex-presidente.<\/p>\n\n\n\n<p><strong>Vereadora reage<\/strong><\/p>\n\n\n\n<p>A vereadora Sonaira Fernandes (Republicanos-SP), membro da Igreja Assembleia de Deus que vem tendo o seu nome bastante popularizado nas redes sociais, reagiu \u00e0 fala de Lula. Para ela, o petista disse se orgulhar de algo que acabou resultando na \u201cmorte de milhares de pessoas\u201d.<\/p>\n\n\n\n<p>\u201cLula afirmou ter orgulho de ter participado da revolu\u00e7\u00e3o Sandinista na Nicar\u00e1gua, uma tomada violenta de poder marcada pela morte de milhares de pessoas, incluindo padres, e que marcou a chegada de Daniel Ortega ao poder pela primeira vez\u201d, disse ela em sua rede social.<\/p>\n\n\n\n<p><strong>Ex-aliado preso<\/strong><\/p>\n\n\n\n<p>Se houve algum motivo de orgulho pela Revolu\u00e7\u00e3o Sandinista no passado, a realidade atual \u00e9 completamente outra. Em uma an\u00e1lise publicada pela revista Env\u00edo, da jesu\u00edta Universidade Centro-Americana, o ex-aliado de Ortega, Hugo Torres, comentou a situa\u00e7\u00e3o do seu pa\u00eds.<\/p>\n\n\n\n<p>\u201cDaniel Ortega se apropriou do partido da revolu\u00e7\u00e3o, a Frente Sandinista, a desnaturalizou e a transformou no seu partido, em um partido familiar. O mesmo que Ortega fez com a FSLN, privatizando-a e transformando-a em instrumento a servi\u00e7o de seus interesses, fez com todo o Estado. Hoje, todas as institui\u00e7\u00f5es do Estado est\u00e3o subordinadas politicamente \u00e0 sua vontade\u201d, disse ele, segundo o&nbsp;<a href=\"https:\/\/brasil.elpais.com\/internacional\/2021-06-15\/o-golpe-mais-simbolico-de-daniel-ortega-na-nicaragua.html\">El Pa\u00eds<\/a>.<\/p>\n\n\n\n<p>Torres \u00e9 uma das tr\u00eas figuras que atuaram ao lado de Ortega pela derrubada de Somoza, mas que agora s\u00e3o consideradas inimigas do ditador, por isso foram presas. Os outros dois nomes s\u00e3o Dora Mar\u00eda T\u00e9llez e V\u00edctor Hugo Tinoco.<\/p>\n\n\n\n<p>Ainda de acordo com Torres, atualmente, \u201ca subordina\u00e7\u00e3o que Ortega obteve nas institui\u00e7\u00f5es \u00e9 maior que a obtida por Somoza, porque nos tempos de Somoza havia algum grau de independ\u00eancia no Poder Judici\u00e1rio\u201d.<\/p>\n\n\n\n<p>Isto \u00e9, na pr\u00e1tica, a Revolu\u00e7\u00e3o Sandinista da qual Lula disse sentir \u201cmuito orgulho\u201d n\u00e3o foi suficiente para instaurar a democracia na Nicar\u00e1gua, uma vez que a mesma figura que lutou contra Somoza, no passado, agora tamb\u00e9m atua de forma ditatorial e&nbsp;<a href=\"https:\/\/noticias.gospelmais.com.br\/dia-da-biblia-evangelicos-nicaragua-proibidos-157531.html\">ainda mais autorit\u00e1ria<\/a>: Daniel Ortega! Assista:<\/p>\n","protected":false},"excerpt":{"rendered":"<p>No primeiro debate presidencial do segundo turno das elei\u00e7\u00f5es 2022, o ex-presidente Luiz In\u00e1cio Lula da Silva (PT) reagiu a uma pergunta feita pelo presidente Jair Messias Bolsonaro (PL), onde o mesmo declarou ter sentido \u201cmuito orgulho\u201d por ter estado com o ditador Daniel Ortega, da Nicar\u00e1gua. Na ocasi\u00e3o, Bolsonaro perguntou ao ex-presidente se ele [&hellip;]<\/p>\n","protected":false},"author":2,"featured_media":12949,"comment_status":"open","ping_status":"open","sticky":false,"template":"","format":"standard","meta":[],"categories":[4],"tags":[],"_links":{"self":[{"href":"https:\/\/dgospel.com.br\/portal\/index.php\/wp-json\/wp\/v2\/posts\/12948"}],"collection":[{"href":"https:\/\/dgospel.com.br\/portal\/index.php\/wp-json\/wp\/v2\/posts"}],"about":[{"href":"https:\/\/dgospel.com.br\/portal\/index.php\/wp-json\/wp\/v2\/types\/post"}],"author":[{"embeddable":true,"href":"https:\/\/dgospel.com.br\/portal\/index.php\/wp-json\/wp\/v2\/users\/2"}],"replies":[{"embeddable":true,"href":"https:\/\/dgospel.com.br\/portal\/index.php\/wp-json\/wp\/v2\/comments?post=12948"}],"version-history":[{"count":1,"href":"https:\/\/dgospel.com.br\/portal\/index.php\/wp-json\/wp\/v2\/posts\/12948\/revisions"}],"predecessor-version":[{"id":12950,"href":"https:\/\/dgospel.com.br\/portal\/index.php\/wp-json\/wp\/v2\/posts\/12948\/revisions\/12950"}],"wp:featuredmedia":[{"embeddable":true,"href":"https:\/\/dgospel.com.br\/portal\/index.php\/wp-json\/wp\/v2\/media\/12949"}],"wp:attachment":[{"href":"https:\/\/dgospel.com.br\/portal\/index.php\/wp-json\/wp\/v2\/media?parent=12948"}],"wp:term":[{"taxonomy":"category","embeddable":true,"href":"https:\/\/dgospel.com.br\/portal\/index.php\/wp-json\/wp\/v2\/categories?post=12948"},{"taxonomy":"post_tag","embeddable":true,"href":"https:\/\/dgospel.com.br\/portal\/index.php\/wp-json\/wp\/v2\/tags?post=12948"}],"curies":[{"name":"wp","href":"https:\/\/api.w.org\/{rel}","templated":true}]}}