{"id":12951,"date":"2022-10-19T10:47:02","date_gmt":"2022-10-19T13:47:02","guid":{"rendered":"http:\/\/dgospel.com.br\/portal\/?p=12951"},"modified":"2022-10-19T10:47:04","modified_gmt":"2022-10-19T13:47:04","slug":"vereadora-assembleiana-processa-ed-rene-por-associar-conservadores-ao-nazismo","status":"publish","type":"post","link":"https:\/\/dgospel.com.br\/portal\/index.php\/2022\/10\/19\/vereadora-assembleiana-processa-ed-rene-por-associar-conservadores-ao-nazismo\/","title":{"rendered":"Vereadora assembleiana processa Ed Ren\u00e9 por associar conservadores ao nazismo"},"content":{"rendered":"\n<p>A vereadora Sonaira Fernandes (Republicanos-SP) moveu uma a\u00e7\u00e3o contra o pastor Ed Ren\u00e9 Kivitz por conta de suas declara\u00e7\u00f5es recentes associando o movimento conservador ao nazismo.<\/p>\n\n\n\n<p>Nas entrevistas ao&nbsp;<em>Podpax<\/em>&nbsp;e&nbsp;<a href=\"https:\/\/www1.folha.uol.com.br\/colunas\/redesocial\/2022\/10\/bolsonarismo-e-realidade-abjeta-e-deve-ser-expurgada-diz-pastor.shtml\" target=\"_blank\" rel=\"noreferrer noopener\"><em>Folha de S. Paulo<\/em><\/a>, o termo \u201cbolsonarismo\u201d foi usado em tom pejorativo para se referir aos conservadores brasileiros. Ed Ren\u00e9 Kivitz, um dos expoentes da Teologia da Miss\u00e3o Integral no Brasil, a vers\u00e3o evang\u00e9lica da \u201cteologia da liberta\u00e7\u00e3o\u201d, \u00e9 pastor da Igreja Batista de \u00c1gua Branca (IBAB).<\/p>\n\n\n\n<p>\u201cVou dizer uma coisa muito forte. Nem todo bolsonarista \u00e9 nazista, mas todo nazista \u00e9 bolsonarista. Todo supremacista, quer seja social, racial, de g\u00eanero, \u00e9 bolsonarista\u201d, disse Kivitz, que h\u00e1 pouco tempo passou a defender uma \u201creleitura da B\u00edblia Sagrada\u201d e pregar que as Escrituras n\u00e3o condenam a homossexualidade.<\/p>\n\n\n\n<p>Sonaira publicou v\u00eddeo nas redes sociais e definiu as declara\u00e7\u00f5es de Kivitz como \u201cuma associa\u00e7\u00e3o muito perigosa e danosa entre nazismo e bolsonarismo\u201d:<\/p>\n\n\n\n<p>\u201cEu, como mulher crist\u00e3, conservadora e apoiadora do presidente, n\u00e3o posso admitir que esse tipo de discurso seja normalizado. Defender os valores que acreditamos n\u00e3o pode ser comparado a um discurso supremacista e segregacionista como o pregado pelo Partido Nacional-Socialista dos Trabalhadores Alem\u00e3es, a origem do nazismo\u201d, acrescentou a vereadora.<\/p>\n\n\n\n<p>Nordestina e membro da Assembleia de Deus, a vereadora v\u00ea outras motiva\u00e7\u00f5es por parte de Kivitz: \u201cEle vem adotando um discurso teol\u00f3gico liberal, relativizando a sufici\u00eancia das Escrituras,\u00a0<a href=\"https:\/\/noticias.gospelmais.com.br\/ed-rene-ordem-dos-pastores-batistas-nao-autoridade-150739.html\"><strong>defendendo pautas progressistas<\/strong><\/a>, e esse tom agressivo contra os conservadores \u00e9 uma forma de validar essa postura\u201d.<\/p>\n\n\n\n<p><a href=\"https:\/\/www.instagram.com\/reel\/Cj3svIaspEW\/?utm_source=ig_embed&amp;ig_rid=cb1e1345-95a7-4b34-9d3a-0867af77b26a\">https:\/\/www.instagram.com\/reel\/Cj3svIaspEW\/?utm_source=ig_embed&amp;ig_rid=cb1e1345-95a7-4b34-9d3a-0867af77b26a<\/a><\/p>\n","protected":false},"excerpt":{"rendered":"<p>A vereadora Sonaira Fernandes (Republicanos-SP) moveu uma a\u00e7\u00e3o contra o pastor Ed Ren\u00e9 Kivitz por conta de suas declara\u00e7\u00f5es recentes associando o movimento conservador ao nazismo. Nas entrevistas ao&nbsp;Podpax&nbsp;e&nbsp;Folha de S. Paulo, o termo \u201cbolsonarismo\u201d foi usado em tom pejorativo para se referir aos conservadores brasileiros. Ed Ren\u00e9 Kivitz, um dos expoentes da Teologia da [&hellip;]<\/p>\n","protected":false},"author":2,"featured_media":12952,"comment_status":"open","ping_status":"open","sticky":false,"template":"","format":"standard","meta":[],"categories":[8],"tags":[],"_links":{"self":[{"href":"https:\/\/dgospel.com.br\/portal\/index.php\/wp-json\/wp\/v2\/posts\/12951"}],"collection":[{"href":"https:\/\/dgospel.com.br\/portal\/index.php\/wp-json\/wp\/v2\/posts"}],"about":[{"href":"https:\/\/dgospel.com.br\/portal\/index.php\/wp-json\/wp\/v2\/types\/post"}],"author":[{"embeddable":true,"href":"https:\/\/dgospel.com.br\/portal\/index.php\/wp-json\/wp\/v2\/users\/2"}],"replies":[{"embeddable":true,"href":"https:\/\/dgospel.com.br\/portal\/index.php\/wp-json\/wp\/v2\/comments?post=12951"}],"version-history":[{"count":1,"href":"https:\/\/dgospel.com.br\/portal\/index.php\/wp-json\/wp\/v2\/posts\/12951\/revisions"}],"predecessor-version":[{"id":12953,"href":"https:\/\/dgospel.com.br\/portal\/index.php\/wp-json\/wp\/v2\/posts\/12951\/revisions\/12953"}],"wp:featuredmedia":[{"embeddable":true,"href":"https:\/\/dgospel.com.br\/portal\/index.php\/wp-json\/wp\/v2\/media\/12952"}],"wp:attachment":[{"href":"https:\/\/dgospel.com.br\/portal\/index.php\/wp-json\/wp\/v2\/media?parent=12951"}],"wp:term":[{"taxonomy":"category","embeddable":true,"href":"https:\/\/dgospel.com.br\/portal\/index.php\/wp-json\/wp\/v2\/categories?post=12951"},{"taxonomy":"post_tag","embeddable":true,"href":"https:\/\/dgospel.com.br\/portal\/index.php\/wp-json\/wp\/v2\/tags?post=12951"}],"curies":[{"name":"wp","href":"https:\/\/api.w.org\/{rel}","templated":true}]}}