{"id":12954,"date":"2022-10-19T11:03:25","date_gmt":"2022-10-19T14:03:25","guid":{"rendered":"http:\/\/dgospel.com.br\/portal\/?p=12954"},"modified":"2022-10-19T11:03:26","modified_gmt":"2022-10-19T14:03:26","slug":"tocantins-recebe-tres-propostas-para-vender-200-milhoes-de-toneladas-em-creditos-de-carbono","status":"publish","type":"post","link":"https:\/\/dgospel.com.br\/portal\/index.php\/2022\/10\/19\/tocantins-recebe-tres-propostas-para-vender-200-milhoes-de-toneladas-em-creditos-de-carbono\/","title":{"rendered":"Tocantins recebe tr\u00eas propostas para vender 200 milh\u00f5es de toneladas em cr\u00e9ditos de carbono"},"content":{"rendered":"\n<p>O ind\u00edgena Pedro Paulo Xerente, de 41 anos, cresceu na aldeia Xerente Fontoura, em Tocant\u00ednia, presenciando de perto os efeitos das mudan\u00e7as clim\u00e1ticas afetarem as nascentes e os mananciais da sua comunidade ind\u00edgena. Naturalmente, as consequ\u00eancias das altera\u00e7\u00f5es do clima s\u00e3o sentidas na produ\u00e7\u00e3o agr\u00edcola da aldeia. Segundo ele, a comunidade n\u00e3o consegue mais ter o dom\u00ednio do plantio, como antigamente, quando os ciclos das esta\u00e7\u00f5es estavam bem mais definidos. \u201cHoje, n\u00e3o sabemos mais quando se inicia a chuva, quando vamos poder iniciar o plantio da nossa lavoura\u201d, lamenta.<\/p>\n\n\n\n<p>A preocupa\u00e7\u00e3o do ind\u00edgena Xerente \u00e9 a mesma de milhares de produtores tocantinenses, tanto os que trabalham em pequenas lavouras quanto os que det\u00eam grandes propriedades rurais. Com a possibilidade de aumento da temperatura mundial nas pr\u00f3ximas d\u00e9cadas na ordem de 1,5 grau Celsius, conforme o relat\u00f3rio do Painel Intergovernamental de Mudan\u00e7as Clim\u00e1ticas &#8211; IPCC (na sigla em ingl\u00eas), estados como o Tocantins, que t\u00eam alta voca\u00e7\u00e3o para a agricultura, devem enfrentar consequ\u00eancias danosas.<\/p>\n\n\n\n<p>\u201cO estado poder\u00e1 sofrer fortes impactos com secas mais severas e frequentes e a redu\u00e7\u00e3o da produ\u00e7\u00e3o agr\u00edcola, o que pode afetar o desenvolvimento econ\u00f4mico e social, j\u00e1 que o Tocantins \u00e9 um estado essencialmente agro\u201d, avalia a secret\u00e1ria de Estado do Meio Ambiente e Recursos H\u00eddricos do Tocantins, Miyuki Hyashida.<\/p>\n\n\n\n<p>Para se adaptar \u00e0s mudan\u00e7as clim\u00e1ticas, o Tocantins busca inovar o uso de instrumentos de gest\u00e3o da governan\u00e7a clim\u00e1tica. Prova disso \u00e9 que o Estado lan\u00e7ou, em setembro deste ano, no mercado internacional o edital de Chamamento P\u00fablico n\u00b0 001\/2022, para sele\u00e7\u00e3o de parceiro nacional ou internacional, com o intuito de aportar recursos financeiros para a implementa\u00e7\u00e3o e a execu\u00e7\u00e3o de medidas com vistas a estruturar o Estado a se tornar eleg\u00edvel para atua\u00e7\u00e3o no mercado de carbono volunt\u00e1rio.<\/p>\n\n\n\n<p>Um dos crit\u00e9rios \u00e9 que a atua\u00e7\u00e3o no mercado de carbono volunt\u00e1rio n\u00e3o envolva as metas de redu\u00e7\u00e3o de emiss\u00f5es aludidas nas Contribui\u00e7\u00f5es Nacionalmente Determinadas (NDCs) e que seja garantida a compra ou a venda dos cr\u00e9ditos de carbono jurisdicional do Tocantins eleg\u00edveis e certificados a partir do ano de 2016 at\u00e9 o ano de 2032.<\/p>\n\n\n\n<p>O prazo para os interessados manifestarem interesse em firmar essa parceria com o Estado foi encerrado na \u00faltima sexta-feira, 14, e tr\u00eas empresas internacionais apresentaram propostas robustas para comercializar cerca de 200 milh\u00f5es de toneladas de cr\u00e9ditos de carbono. Foram elas: Mercuria Energy Trading AS (Su\u00ed\u00e7a), Systemiq do Brasil Consultoria em Sustentabilidade LTDA (Reino Unido) e Future Carbon Holding (Brasil). O resultado da chamada p\u00fablica ser\u00e1 divulgado nesta quarta-feira, 19.<\/p>\n\n\n\n<p>As empresas interessadas tiveram que apresentar capacidade financeira com o prop\u00f3sito de aportar recursos financeiros para implementa\u00e7\u00e3o e execu\u00e7\u00e3o das medidas pedidas no edital; demonstrar o tempo e a expertise de mercado de carbono regulado; comprovar a abrang\u00eancia de sua atua\u00e7\u00e3o comercial; demonstrar a superioridade da parceria em rela\u00e7\u00e3o \u00e0s demais institui\u00e7\u00f5es; e comprovar que mant\u00e9m em execu\u00e7\u00e3o um programa de integridade e anticorrup\u00e7\u00e3o.<\/p>\n\n\n\n<p><strong>REDD+<\/strong><\/p>\n\n\n\n<p>A transa\u00e7\u00e3o de carbono florestal jurisdicional oriundo de Redu\u00e7\u00e3o de Emiss\u00f5es Provenientes de Desmatamento e Degrada\u00e7\u00e3o Florestal (REDD+) contribuir\u00e1 para a implanta\u00e7\u00e3o da iniciativa de baixas emiss\u00f5es do Estado, no \u00e2mbito da Estrat\u00e9gia Tocantins Competitivo e Sustent\u00e1vel &#8211; 2020 a 2040. O governador do Tocantins, Wanderlei Barbosa, reeleito em primeiro turno, enfatiza que \u201cas lideran\u00e7as nacionais se alinham aos crescentes movimentos para o enfrentamento da emerg\u00eancia clim\u00e1tica e a prote\u00e7\u00e3o da Amaz\u00f4nia, sendo que o Estado prioriza esse tema desde o planejamento at\u00e9 a execu\u00e7\u00e3o de suas a\u00e7\u00f5es\u201d.<\/p>\n\n\n\n<p>A estrat\u00e9gia apresenta diferentes iniciativas e inicia os di\u00e1logos entre o setor p\u00fablico e privado, setor financeiro, especialistas e membros da sociedade na busca de um desenvolvimento n\u00e3o predat\u00f3rio para a regi\u00e3o. O governador Wanderlei Barbosa destaca que a estrat\u00e9gia de desenvolvimento assumida por sua gest\u00e3o guiar\u00e1 o Tocantins at\u00e9 2040.<\/p>\n\n\n\n<p>\u201cFoi necess\u00e1rio ousar. S\u00e3o 20 anos de compromisso com a sustentabilidade ambiental, social e econ\u00f4mica. Nossa Carta de Inten\u00e7\u00f5es Tocantins 20-40, estrat\u00e9gia para um Estado competitivo e sustent\u00e1vel foi apresentada na COP 25, em Madri, em dezembro de 2019. A solu\u00e7\u00e3o para os problemas de um estado como o nosso, inserido na Amaz\u00f4nia Legal, passa por arranjos e parcerias que envolvem os atores econ\u00f4micos e sociais locais, al\u00e9m dos representantes da esfera pol\u00edtica. Precisamos acertar o passo nos diferentes \u00e2mbitos, municipal, estadual e federal, e contar com o apoio da popula\u00e7\u00e3o. Essa \u00e9 uma agenda de todos, que frutificar\u00e1 na COP 27, no Egito\u201d, prospecta.<\/p>\n\n\n\n<p>A superintendente de Gest\u00e3o de Pol\u00edticas P\u00fablicas Ambientais da Semarh, Marli Santos, explica que a chamada p\u00fablica \u00e9 o primeiro passo para dar suporte financeiro \u00e0 estrat\u00e9gia de baixas emiss\u00f5es. \u201cPara que o Tocantins possa acessar estes recursos por pagamentos por resultados precisamos fazer o dever de casa, ou seja, cumprir todos requisitos previstos pelos padr\u00f5es internacionais e isto custa caro. Por isso, o edital busca uma empresa parceira que possa aportar recursos no Estado para a execu\u00e7\u00e3o das a\u00e7\u00f5es e, assim, tornar o Tocantins eleg\u00edvel para acessar os recursos\u201d, detalha.<\/p>\n\n\n\n<p><strong>Cr\u00e9ditos de carbono<\/strong><\/p>\n\n\n\n<p>Ao se tornar eleg\u00edvel, a empresa parceira tamb\u00e9m atuar\u00e1 para a realiza\u00e7\u00e3o de transa\u00e7\u00f5es de cr\u00e9ditos de carbono jurisdicionais e cr\u00e9ditos certificados a partir do ano de 2016 at\u00e9 o ano de 2032, totalizando cerca de 200 milh\u00f5es de cr\u00e9ditos de carbono. Nem todos os cr\u00e9ditos provenientes da elegibilidade do Cerrado e do bioma Amaz\u00f4nia Tocantins perante a Comiss\u00e3o Nacional de REDD + &#8211; Conaredd + ser\u00e3o verificados e registrados nos padr\u00f5es internacionais, exigindo outra forma de acesso a recursos financeiros. O chamamento \u00e9 realizado pela Companhia Imobili\u00e1ria de Participa\u00e7\u00f5es, Investimentos e Parcerias do Estado -Tocantins Parcerias &#8211; a partir da coopera\u00e7\u00e3o e do apoio t\u00e9cnico da Semarh.<\/p>\n\n\n\n<p>\u201cIsso \u00e9 um avan\u00e7o importante, pois somos um dos primeiros estados da Federa\u00e7\u00e3o a promover, por meio de uma SPE [Sociedade de Prop\u00f3sito Espec\u00edfico], a constru\u00e7\u00e3o do registro do carbono em \u00e2mbito internacional, com os certificados que possibilitam agregar maior valor ao nosso carbono\u201d, explica o presidente da Tocantins Parcerias, Aleandro Lacerda.<\/p>\n\n\n\n<p>O governador Wanderlei Barbosa refor\u00e7a que todo o processo de constru\u00e7\u00e3o dessa estrat\u00e9gia de desenvolvimento, com a participa\u00e7\u00e3o de diversas secretarias e o di\u00e1logo com diversos setores, est\u00e1 em conformidade com a linha tra\u00e7ada por sua gest\u00e3o. \u201cEssa \u00e9 a nossa resposta \u00e0 necessidade de conserva\u00e7\u00e3o da vegeta\u00e7\u00e3o nativa para evitar emiss\u00f5es dos gases do efeito estufa e reduzir as queimadas e o desmatamento. Mais ainda, h\u00e1 o reconhecimento de que s\u00f3 pode haver desenvolvimento real com respeito ao ambiente. Vamos fazer a nossa parte\u201d, encerra.<\/p>\n\n\n\n<p><\/p>\n\n\n\n<p><img src=\"https:\/\/central.to.gov.br\/image\/305875?w=670&amp;h=383\"><\/p>\n\n\n\n<p>Ind\u00edgena Pedro Paulo Xerente diz que sente saudades da \u00e9poca em que o c\u00f3rrego que corta sua aldeia vivia com alto volume de \u00e1gua &#8211; Divulga\u00e7\u00e3o.<\/p>\n\n\n\n<p><img src=\"https:\/\/central.to.gov.br\/image\/305873?w=670&amp;h=383\"><\/p>\n\n\n\n<p>O Tocantins busca acessar recursos por pagamentos por ter implementado a\u00e7\u00f5es de preserva\u00e7\u00e3o do Cerrado &#8211; Marcel de Paula\/Governo do Tocantins.<\/p>\n","protected":false},"excerpt":{"rendered":"<p>O ind\u00edgena Pedro Paulo Xerente, de 41 anos, cresceu na aldeia Xerente Fontoura, em Tocant\u00ednia, presenciando de perto os efeitos das mudan\u00e7as clim\u00e1ticas afetarem as nascentes e os mananciais da sua comunidade ind\u00edgena. Naturalmente, as consequ\u00eancias das altera\u00e7\u00f5es do clima s\u00e3o sentidas na produ\u00e7\u00e3o agr\u00edcola da aldeia. Segundo ele, a comunidade n\u00e3o consegue mais ter [&hellip;]<\/p>\n","protected":false},"author":2,"featured_media":12955,"comment_status":"open","ping_status":"open","sticky":false,"template":"","format":"standard","meta":[],"categories":[3],"tags":[13],"_links":{"self":[{"href":"https:\/\/dgospel.com.br\/portal\/index.php\/wp-json\/wp\/v2\/posts\/12954"}],"collection":[{"href":"https:\/\/dgospel.com.br\/portal\/index.php\/wp-json\/wp\/v2\/posts"}],"about":[{"href":"https:\/\/dgospel.com.br\/portal\/index.php\/wp-json\/wp\/v2\/types\/post"}],"author":[{"embeddable":true,"href":"https:\/\/dgospel.com.br\/portal\/index.php\/wp-json\/wp\/v2\/users\/2"}],"replies":[{"embeddable":true,"href":"https:\/\/dgospel.com.br\/portal\/index.php\/wp-json\/wp\/v2\/comments?post=12954"}],"version-history":[{"count":1,"href":"https:\/\/dgospel.com.br\/portal\/index.php\/wp-json\/wp\/v2\/posts\/12954\/revisions"}],"predecessor-version":[{"id":12956,"href":"https:\/\/dgospel.com.br\/portal\/index.php\/wp-json\/wp\/v2\/posts\/12954\/revisions\/12956"}],"wp:featuredmedia":[{"embeddable":true,"href":"https:\/\/dgospel.com.br\/portal\/index.php\/wp-json\/wp\/v2\/media\/12955"}],"wp:attachment":[{"href":"https:\/\/dgospel.com.br\/portal\/index.php\/wp-json\/wp\/v2\/media?parent=12954"}],"wp:term":[{"taxonomy":"category","embeddable":true,"href":"https:\/\/dgospel.com.br\/portal\/index.php\/wp-json\/wp\/v2\/categories?post=12954"},{"taxonomy":"post_tag","embeddable":true,"href":"https:\/\/dgospel.com.br\/portal\/index.php\/wp-json\/wp\/v2\/tags?post=12954"}],"curies":[{"name":"wp","href":"https:\/\/api.w.org\/{rel}","templated":true}]}}