{"id":12969,"date":"2022-10-19T16:29:06","date_gmt":"2022-10-19T19:29:06","guid":{"rendered":"http:\/\/dgospel.com.br\/portal\/?p=12969"},"modified":"2022-10-19T16:29:08","modified_gmt":"2022-10-19T19:29:08","slug":"quando-chamam-de-orcamento-secreto-eu-chamo-de-participativo-diz-lira","status":"publish","type":"post","link":"https:\/\/dgospel.com.br\/portal\/index.php\/2022\/10\/19\/quando-chamam-de-orcamento-secreto-eu-chamo-de-participativo-diz-lira\/","title":{"rendered":"&#8216;Quando chamam de or\u00e7amento secreto, eu chamo de participativo&#8217;, diz Lira"},"content":{"rendered":"\n<p>O presidente da C\u00e2mara dos Deputados, Arthur Lira (PP-AL), voltou a defender nesta quarta-feira (19) a utiliza\u00e7\u00e3o das chamadas emendas de relator e criticou quem chama esses&nbsp;<a href=\"https:\/\/noticias.r7.com\/brasilia\/lideres-do-governo-gastaram-quase-r-15-bilhao-do-orcamento-secreto-em-2020-e-2021-29062022\">recursos de or\u00e7amento secreto<\/a>.&nbsp;&#8220;Vamos tratar com a altivez que eu sempre trato. Quando chamam de secreto, eu chamo de municipalista. Quando chamam de secreto, eu chamo de participativo&#8221;, comentou.&nbsp;<\/p>\n\n\n\n<p>Lira disse ainda que o Legislativo deve exercer o protagonismo da destina\u00e7\u00e3o do or\u00e7amento da Uni\u00e3o e ressaltou que irregularidades devem ser investigadas. &#8220;Eu sempre digo, quem fizer errado [ser\u00e1 investigado pela] Pol\u00edcia Federal, CGU e \u00f3rg\u00e3os de controle. Mas deixar que o Congresso perca esse protagonismo \u00e9 muito ruim para o equil\u00edbrio institucional do nosso pa\u00eds&#8221;, completou.<\/p>\n\n\n\n<p>&#8220;Eu acho que de 2019 pra c\u00e1 n\u00f3s avan\u00e7amos muito. N\u00e3o h\u00e1 um or\u00e7amento mais democr\u00e1tico que o discutido e o indicado por 600 parlamentares: 513 deputados e 81 senadores&#8221;, concluiu. A declara\u00e7\u00e3o ocorreu durante a participa\u00e7\u00e3o em uma reuni\u00e3o de bancada do Uni\u00e3o Brasil.&nbsp;<\/p>\n\n\n\n<p>O tema do or\u00e7amento secreto virou pauta recorrente nos debates eleitorais. A candidata \u00e0\u00a0<a href=\"http:\/\/noticias.r7.com\/jr-na-tv\/videos\/simone-tebet-afirma-que-vai-acabar-com-o-orcamento-secreto-em-um-eventual-mandato-28092022\">P<\/a><a href=\"https:\/\/noticias.r7.com\/jr-na-tv\/videos\/simone-tebet-afirma-que-vai-acabar-com-o-orcamento-secreto-em-um-eventual-mandato-28092022\">resid\u00eancia pelo MDB, Simone Tebet<\/a>, chegou a dizer que perdeu a disputa ao Pal\u00e1cio do Planalto porque &#8220;o or\u00e7amento secreto correu solto para comprar parlamentares&#8221;. Ela, por\u00e9m, evitou citar nomes.<\/p>\n\n\n\n<p>Essa modalidade de emenda parlamentar, que ficou conhecida como or\u00e7amento secreto, foi aprovada em 2019 e \u00e9 identificada no or\u00e7amento federal com a rubrica RP9. Na pr\u00e1tica, essa rubrica or\u00e7ament\u00e1ria dificulta a identifica\u00e7\u00e3o do parlamentar beneficiado pela verba e o destino do recurso.&nbsp;<\/p>\n\n\n\n<p>No fim do ano passado, o Supremo Tribunal Federal (STF) suspendeu a libera\u00e7\u00e3o dos recursos por um m\u00eas por falta de transpar\u00eancia e publicidade sobre os deputados e senadores que usufru\u00edram das emendas de relator. O&nbsp;<a href=\"https:\/\/noticias.r7.com\/brasilia\/supremo-referenda-liberacao-do-orcamento-secreto-21082022\">retorno do uso dos recursos s\u00f3 foi permitido<\/a>&nbsp;depois que o Parlamento criou uma plataforma para detalhar quais parlamentares usaram as emendas e a quanto cada um deles teve direito.<\/p>\n\n\n\n<ul><li><\/li><\/ul>\n","protected":false},"excerpt":{"rendered":"<p>O presidente da C\u00e2mara dos Deputados, Arthur Lira (PP-AL), voltou a defender nesta quarta-feira (19) a utiliza\u00e7\u00e3o das chamadas emendas de relator e criticou quem chama esses&nbsp;recursos de or\u00e7amento secreto.&nbsp;&#8220;Vamos tratar com a altivez que eu sempre trato. Quando chamam de secreto, eu chamo de municipalista. Quando chamam de secreto, eu chamo de participativo&#8221;, comentou.&nbsp; [&hellip;]<\/p>\n","protected":false},"author":2,"featured_media":12970,"comment_status":"open","ping_status":"open","sticky":false,"template":"","format":"standard","meta":[],"categories":[8],"tags":[13],"_links":{"self":[{"href":"https:\/\/dgospel.com.br\/portal\/index.php\/wp-json\/wp\/v2\/posts\/12969"}],"collection":[{"href":"https:\/\/dgospel.com.br\/portal\/index.php\/wp-json\/wp\/v2\/posts"}],"about":[{"href":"https:\/\/dgospel.com.br\/portal\/index.php\/wp-json\/wp\/v2\/types\/post"}],"author":[{"embeddable":true,"href":"https:\/\/dgospel.com.br\/portal\/index.php\/wp-json\/wp\/v2\/users\/2"}],"replies":[{"embeddable":true,"href":"https:\/\/dgospel.com.br\/portal\/index.php\/wp-json\/wp\/v2\/comments?post=12969"}],"version-history":[{"count":1,"href":"https:\/\/dgospel.com.br\/portal\/index.php\/wp-json\/wp\/v2\/posts\/12969\/revisions"}],"predecessor-version":[{"id":12971,"href":"https:\/\/dgospel.com.br\/portal\/index.php\/wp-json\/wp\/v2\/posts\/12969\/revisions\/12971"}],"wp:featuredmedia":[{"embeddable":true,"href":"https:\/\/dgospel.com.br\/portal\/index.php\/wp-json\/wp\/v2\/media\/12970"}],"wp:attachment":[{"href":"https:\/\/dgospel.com.br\/portal\/index.php\/wp-json\/wp\/v2\/media?parent=12969"}],"wp:term":[{"taxonomy":"category","embeddable":true,"href":"https:\/\/dgospel.com.br\/portal\/index.php\/wp-json\/wp\/v2\/categories?post=12969"},{"taxonomy":"post_tag","embeddable":true,"href":"https:\/\/dgospel.com.br\/portal\/index.php\/wp-json\/wp\/v2\/tags?post=12969"}],"curies":[{"name":"wp","href":"https:\/\/api.w.org\/{rel}","templated":true}]}}